[{"@context":"https:\/\/schema.org\/","@type":"Article","@id":"https:\/\/www.garama.cz\/zdravy-vzhled-problem-dnesni-doby\/#Article","mainEntityOfPage":"https:\/\/www.garama.cz\/zdravy-vzhled-problem-dnesni-doby\/","headline":"ZDRAV\u00dd VZHLED &#8211; PROBL\u00c9M DNE\u0160N\u00cd DOBY","name":"ZDRAV\u00dd VZHLED &#8211; PROBL\u00c9M DNE\u0160N\u00cd DOBY","description":"Zvy\u0161ov\u00e1n\u00ed v\u00fdskytu obezity, ale z\u00e1rove\u0148 i poruch p\u0159\u00edjmu potravy, se sna\u017e\u00ed vysv\u011btlit v\u011bdci i psychologov\u00e9. Mluv\u00ed se o jednom i o druh\u00e9m. Ale co v\u0161ichni ti lid\u00e9 mezi t\u00edm? Co ti, kte\u0159\u00ed maj\u00ed svou hmotnost v norm\u011b? Pro\u010d se o [&hellip;]","datePublished":"2025-03-04","dateModified":"2025-03-04","author":{"@type":"Person","@id":"https:\/\/www.garama.cz\/author\/#Person","name":"","url":"https:\/\/www.garama.cz\/author\/","identifier":1,"image":{"@type":"ImageObject","@id":"https:\/\/secure.gravatar.com\/avatar\/fb50772173929303fbe6024f179e4dd9837c71f6efc661bdb046860d442d05b5?s=96&d=mm&r=g","url":"https:\/\/secure.gravatar.com\/avatar\/fb50772173929303fbe6024f179e4dd9837c71f6efc661bdb046860d442d05b5?s=96&d=mm&r=g","height":96,"width":96}},"publisher":{"@type":"Organization","name":"garama.cz","logo":{"@type":"ImageObject","@id":"\/logo.png","url":"\/logo.png","width":600,"height":60}},"image":{"@type":"ImageObject","@id":"https:\/\/www.garama.cz\/wp-content\/uploads\/img_a304255_w2076_t1515317993.jpg","url":"https:\/\/www.garama.cz\/wp-content\/uploads\/img_a304255_w2076_t1515317993.jpg","height":0,"width":0},"url":"https:\/\/www.garama.cz\/zdravy-vzhled-problem-dnesni-doby\/","wordCount":424,"articleBody":" Zvy\u0161ov\u00e1n\u00ed v\u00fdskytu obezity, ale z\u00e1rove\u0148 i poruch p\u0159\u00edjmu potravy, se sna\u017e\u00ed vysv\u011btlit v\u011bdci i psychologov\u00e9. Mluv\u00ed se o jednom i o druh\u00e9m. Ale co v\u0161ichni ti lid\u00e9 mezi t\u00edm? Co ti, kte\u0159\u00ed maj\u00ed svou hmotnost v norm\u011b? Pro\u010d se o nich nemluv\u00ed jako o ide\u00e1lu, ale up\u0159ednost\u0148uj\u00ed se lid\u00e9 pohybuj\u00edc\u00ed se v podv\u00e1ze.   Hubnut\u00ed a \u0161t\u00edhl\u00e1 postava jako olt\u00e1\u0159 obdivu Slovo hubnut\u00ed se sklo\u0148uje ve v\u0161ech \u010dasopisech i na internetu. \u010casto se pou\u017e\u00edvaj\u00ed tablety na hubnut\u00ed, o jejich u\u017eite\u010dnosti si p\u0159e\u010dt\u011bte .    Sebev\u011bdom\u00ed d\u00edvek Dosp\u00edvaj\u00edc\u00ed d\u00edvky to maj\u00ed dnes t\u011b\u017ek\u00e9. Nejenom \u017ee se pot\u00fdkaj\u00ed sami se sebou, mus\u00ed tak\u00e9 \u0159e\u0161it okoln\u00ed sv\u011bt. Co si o nich \u0159eknou ostatn\u00ed? Ot\u00e1zky postavy se jim st\u00e1le hon\u00ed hlavou a je ot\u00e1zkou \u010dasu, ne\u017e jim to p\u0159eroste p\u0159es hlavu. Jen m\u00e1lo z nich m\u00e1 zdrav\u00e9 sebev\u011bdom\u00ed a nedok\u00e1\u017e\u00ed o sob\u011b \u0159\u00edci n\u011bco hezk\u00e9ho. P\u0159ijdou si o\u0161kliv\u00e9 a nedostate\u010dn\u00e9. Pokud to v nich z\u016fstane do dosp\u011blosti, m\u016f\u017ee to zp\u016fsobit r\u016fzn\u00e9 v\u00e1\u017en\u00e9 probl\u00e9my jako psychick\u00e9 poruchy nebo i fyzick\u00e9 nemoci. P\u0159ed\u00e1vaj\u00ed to pak sv\u00fdm d\u011btem a za\u010darovan\u00fd kruh se uzav\u00edr\u00e1 a pokra\u010duje.   M\u00e1 tohle v\u016fbec n\u011bjak\u00e9 re\u00e1ln\u00e9 \u0159e\u0161en\u00ed? Ot\u00e1zkou je, jestli si v\u016fbec lid\u00e9 uv\u011bdomuj\u00ed, jak zl\u00e9 to m\u016f\u017ee b\u00fdt. Ale nikdo nep\u0159i\u0161el s \u017e\u00e1dn\u00fdm \u0159e\u0161en\u00edm. M\u011blo by se podporovat zdrav\u00e9 a pevn\u00e9 t\u011blo. Ale lid\u00e9 by m\u011bli b\u00fdt sm\u00ed\u0159en\u00ed i se sv\u00fdmi nedokonalostmi. Retu\u0161 je ov\u0161em ni\u010d\u00ed a lid\u00e9 je nevid\u00ed. T\u00edm v\u00edce se za n\u011b styd\u00ed. M\u011blo by se zamezit retu\u0161i a lid\u00e9 by si m\u011bli v\u00edce v\u0161\u00edmat ostatn\u00edch a v\u00edce se o n\u011b starat. Lid\u00e9 by m\u011bli mluvit o sv\u00fdch pocitech. Nem\u011bli by se styd\u011bt. N\u011bjak\u00fd posun bude pravd\u011bpodobn\u011b trvat dlouho, ale snad se n\u011bkdy do\u010dk\u00e1me lep\u0161\u00edho postoje k lidsk\u00e9mu t\u011blu.   Pokud i Vy m\u00e1te probl\u00e9m se sv\u00fdm vzhledem, sna\u017ete se pros\u00edm. Pod\u00edvejte se do zrcadla a \u0159ekn\u011bte si, jak jste n\u00e1dhern\u00ed. Sna\u017ete se \u0161\u00ed\u0159it l\u00e1sku k sob\u011b. Je to to nejd\u016fle\u017eit\u011bj\u0161\u00ed.                                                                                                                                                                                                                                                                                                                                                                                         3.5\/5 - (6 votes)        "},{"@context":"https:\/\/schema.org\/","@type":"BreadcrumbList","itemListElement":[{"@type":"ListItem","position":1,"name":"ZDRAV\u00dd VZHLED &#8211; PROBL\u00c9M DNE\u0160N\u00cd DOBY","item":"https:\/\/www.garama.cz\/zdravy-vzhled-problem-dnesni-doby\/#breadcrumbitem"}]}]