[{"@context":"https:\/\/schema.org\/","@type":"Article","@id":"https:\/\/www.garama.cz\/velmi-vitany-kontrast-do-vaseho-bytu\/#Article","mainEntityOfPage":"https:\/\/www.garama.cz\/velmi-vitany-kontrast-do-vaseho-bytu\/","headline":"Velmi v\u00edtan\u00fd kontrast do Va\u0161eho bytu","name":"Velmi v\u00edtan\u00fd kontrast do Va\u0161eho bytu","description":"Rustik\u00e1ln\u00ed kuchyn\u011b skv\u011ble koresponduj\u00ed i s modern\u00edm vybaven\u00edm bytu. Je to velmi v\u00edtan\u00fd kontrast, kter\u00fd ur\u010dit\u011b ocen\u00ed lid\u00e9, kte\u0159\u00ed V\u00e1s budou nav\u0161t\u011bvovat. Velmi obl\u00edben\u00fd je v sou\u010dasn\u00e9 dob\u011b styl ala Provence. Velmi in je tak\u00e9 historizuj\u00edc\u00ed styl, kter\u00e9mu se \u0159\u00edk\u00e1 [&hellip;]","datePublished":"2025-03-03","dateModified":"2025-03-03","author":{"@type":"Person","@id":"https:\/\/www.garama.cz\/author\/#Person","name":"","url":"https:\/\/www.garama.cz\/author\/","identifier":1,"image":{"@type":"ImageObject","@id":"https:\/\/secure.gravatar.com\/avatar\/fb50772173929303fbe6024f179e4dd9837c71f6efc661bdb046860d442d05b5?s=96&d=mm&r=g","url":"https:\/\/secure.gravatar.com\/avatar\/fb50772173929303fbe6024f179e4dd9837c71f6efc661bdb046860d442d05b5?s=96&d=mm&r=g","height":96,"width":96}},"publisher":{"@type":"Organization","name":"garama.cz","logo":{"@type":"ImageObject","@id":"\/logo.png","url":"\/logo.png","width":600,"height":60}},"url":"https:\/\/www.garama.cz\/velmi-vitany-kontrast-do-vaseho-bytu\/","wordCount":174,"articleBody":" Rustik\u00e1ln\u00ed kuchyn\u011b skv\u011ble koresponduj\u00ed i s modern\u00edm vybaven\u00edm bytu. Je to velmi v\u00edtan\u00fd kontrast, kter\u00fd ur\u010dit\u011b ocen\u00ed lid\u00e9, kte\u0159\u00ed V\u00e1s budou nav\u0161t\u011bvovat. Velmi obl\u00edben\u00fd je v sou\u010dasn\u00e9 dob\u011b styl ala Provence. Velmi in je tak\u00e9 historizuj\u00edc\u00ed styl, kter\u00e9mu se \u0159\u00edk\u00e1 vintige styl a je to trend, kter\u00fd se projevuje nejen v n\u00e1bytku a bytov\u00fdch dopl\u0148c\u00edch, ale p\u0159edev\u0161\u00edm tak\u00e9 v m\u00f3d\u011b. Prioritou je trochu se odli\u0161it od trend\u016f modern\u00ed doby, kter\u00e9 maj\u00ed tendence n\u00e1s spout\u00e1vat. Nebojte se j\u00edt do toho N\u011bkdo si dop\u0159eje cel\u00fd byt v tak trochu jin\u00e9m duchu a n\u011bkdo si vysta\u010d\u00ed jenom s jednou m\u00edstnost\u00ed a nen\u00ed nijak p\u0159ekvapiv\u00e9, \u017ee se jedn\u00e1 pr\u00e1v\u011b o m\u00edstnost, ve kter\u00e9 se p\u0159ipravuje ob\u010derstven\u00ed. M\u00edstnost, kter\u00e1 p\u0159ipom\u00edn\u00e1 kuchyn\u011b na\u0161ich babi\u010dek je dobrou volbou a v\u016fbec se nemus\u00edte b\u00e1t j\u00edt do toho.                                                                                                                                                                                                                                                                                                                                                                                        5\/5 - (1 vote)        "},{"@context":"https:\/\/schema.org\/","@type":"BreadcrumbList","itemListElement":[{"@type":"ListItem","position":1,"name":"Velmi v\u00edtan\u00fd kontrast do Va\u0161eho bytu","item":"https:\/\/www.garama.cz\/velmi-vitany-kontrast-do-vaseho-bytu\/#breadcrumbitem"}]}]