[{"@context":"https:\/\/schema.org\/","@type":"Article","@id":"https:\/\/www.garama.cz\/stehujeme-se-do-pisku-a-menime-zivot-k-nepoznani\/#Article","mainEntityOfPage":"https:\/\/www.garama.cz\/stehujeme-se-do-pisku-a-menime-zivot-k-nepoznani\/","headline":"St\u011bhujeme se do P\u00edsku a m\u011bn\u00edme \u017eivot k nepozn\u00e1n\u00ed","name":"St\u011bhujeme se do P\u00edsku a m\u011bn\u00edme \u017eivot k nepozn\u00e1n\u00ed","description":"P\u00edsek je p\u0159ekr\u00e1sn\u00e9 m\u011bsto na \u0159ece Otav\u011b s nejstar\u0161\u00edm kamenn\u00fdm mostem v na\u0161\u00ed zemi. Pravd\u011bpodobn\u011b se po n\u011bm proch\u00e1zel ji\u017e panovn\u00edk P\u0159emysl Otakar II., kter\u00fd jej tak\u00e9 ve 13. stolet\u00ed nechal vystav\u011bt, aby t\u00edm podpo\u0159il rozvoj obchodn\u00ed Zlat\u00e9 stezky. Byl [&hellip;]","datePublished":"2023-11-20","dateModified":"2023-11-20","author":{"@type":"Person","@id":"https:\/\/www.garama.cz\/author\/#Person","name":"","url":"https:\/\/www.garama.cz\/author\/","identifier":1,"image":{"@type":"ImageObject","@id":"https:\/\/secure.gravatar.com\/avatar\/fb50772173929303fbe6024f179e4dd9837c71f6efc661bdb046860d442d05b5?s=96&d=mm&r=g","url":"https:\/\/secure.gravatar.com\/avatar\/fb50772173929303fbe6024f179e4dd9837c71f6efc661bdb046860d442d05b5?s=96&d=mm&r=g","height":96,"width":96}},"publisher":{"@type":"Organization","name":"garama.cz","logo":{"@type":"ImageObject","@id":"\/logo.png","url":"\/logo.png","width":600,"height":60}},"image":{"@type":"ImageObject","@id":"https:\/\/www.garama.cz\/wp-content\/uploads\/pisek-6825859_640.jpg","url":"https:\/\/www.garama.cz\/wp-content\/uploads\/pisek-6825859_640.jpg","height":0,"width":0},"url":"https:\/\/www.garama.cz\/stehujeme-se-do-pisku-a-menime-zivot-k-nepoznani\/","about":["Internet"],"wordCount":431,"articleBody":"   P\u00edsek je p\u0159ekr\u00e1sn\u00e9 m\u011bsto na \u0159ece Otav\u011b s nejstar\u0161\u00edm kamenn\u00fdm mostem v na\u0161\u00ed zemi. Pravd\u011bpodobn\u011b se po n\u011bm proch\u00e1zel ji\u017e panovn\u00edk P\u0159emysl Otakar II., kter\u00fd jej tak\u00e9 ve 13. stolet\u00ed nechal vystav\u011bt, aby t\u00edm podpo\u0159il rozvoj obchodn\u00ed Zlat\u00e9 stezky. Byl to velmi proz\u00edrav\u00fd tah a kdyby tehdy kr\u00e1l tu\u0161il, \u017ee bude zdobit toto kr\u00e1lovsk\u00e9 m\u011bsto i v jednadvac\u00e1t\u00e9m stolet\u00ed, z\u0159ejm\u011b bychom se tu do\u010dkali v\u00fdstavby t\u011bchto v\u00fdznamn\u00fdch stavebn\u00edch projekt\u016f v\u00edce.P\u00edsek se nach\u00e1z\u00ed nedaleko soutoku Otavy a Vltavy a \u0159ad\u00ed se mezi jiho\u010desk\u00e9 klenoty, hojn\u011b nav\u0161t\u011bvovan\u00e9 tuzemsk\u00fdmi i zahrani\u010dn\u00edmi turisty. N\u011bkte\u0159\u00ed lid\u00e9 tu dokonce zakotvili natrvalo a p\u0159est\u011bhovali se na P\u00edsecko z jin\u00fdch, ne a\u017e tak zaj\u00edmav\u00fdch oblast\u00ed na\u0161\u00ed zem\u011b. M\u00e1te-li tot\u00e9\u017e v \u00famyslu i vy, toto rozhodnut\u00ed v\u00e1m m\u016f\u017eeme v\u0159ele doporu\u010dit. Na co byste v\u0161ak nem\u011bli zapomenout, je v\u00fdb\u011br vhodn\u00e9 st\u011bhovac\u00ed firmy. Jestli\u017ee m\u00e1te mo\u017enost pojmout st\u011bhov\u00e1n\u00ed P\u00edsek jako b\u00e1je\u010dn\u00fd v\u00fdlet a \u00fanik z v\u0161edn\u00edho ka\u017edodenn\u00edho koloto\u010de, p\u0159enechejte st\u011bhov\u00e1k\u016fm to nejobt\u00ed\u017en\u011bj\u0161\u00ed, vyu\u017eijte jejich profesionality a dop\u0159ejte si n\u011bco nav\u00edc, co se v\u00e1m b\u011b\u017en\u011b nedost\u00e1v\u00e1, a ani u\u017e mo\u017en\u00e1 nedostane:Cesta na P\u00edsecko \u2013 velice zaj\u00edmav\u00e1 bude ji\u017e samotn\u00e1 j\u00edzda autem, proto\u017ee P\u00edsecko, T\u00e1borsko a Strakonicko poskytuj\u00ed mnoho kr\u00e1sn\u00fdch z\u00e1\u017eitk\u016f z kopcovit\u00e9 krajiny, poset\u00e9 loukami, lesy, rybn\u00edky, \u0159\u00ed\u010dkami a \u0159ekami. M\u00ed\u0159\u00edte-li do P\u00edsku nap\u0159\u00edklad z Prahy, je p\u0159ed v\u00e1mi St\u0159edo\u010desk\u00e1 pahorkatiny, poho\u0159\u00ed Brdy a vltavsk\u00e1 kask\u00e1da n\u011bkolika p\u0159ehrad. U\u017eijte si j\u00edzdu za slune\u010dn\u00e9ho po\u010das\u00ed, nachystejte si vhodn\u00e9 ob\u010derstven\u00ed ji\u017e z domova a nikam neposp\u00edchejte.Vezm\u011bte si v\u00edce dn\u016f volna \u2013 pamatujte, \u017ee n\u00e1ro\u010dn\u011bj\u0161\u00ed b\u00fdv\u00e1 f\u00e1ze po nast\u011bhov\u00e1n\u00ed, a\u017e se budete zabydlovat, vybalovat v\u011bci z krabic a zaji\u0161\u0165ovat pot\u0159ebn\u00e9 administrativn\u00ed kroky. Velmi moudr\u00e9 je p\u0159esunout st\u011bhovac\u00ed den na st\u0159edu, vz\u00edt si ve \u010dtvrtek a v p\u00e1tek tak\u00e9 volno a m\u00edt tak celkem p\u011bt dn\u016f na cel\u00fd proces, kter\u00fd v\u00e1s rozhodn\u011b nebude tak stresovat, jako toho, kdo chce v\u0161echno stihnout za jedin\u00fd v\u00edkend.                                                                                                                                                                                                                                                                                                                                                                                          5\/5 - (5 votes)        "},{"@context":"https:\/\/schema.org\/","@type":"BreadcrumbList","itemListElement":[{"@type":"ListItem","position":1,"name":"St\u011bhujeme se do P\u00edsku a m\u011bn\u00edme \u017eivot k nepozn\u00e1n\u00ed","item":"https:\/\/www.garama.cz\/stehujeme-se-do-pisku-a-menime-zivot-k-nepoznani\/#breadcrumbitem"}]}]