[{"@context":"https:\/\/schema.org\/","@type":"Blog","@id":"https:\/\/www.garama.cz#Blog","headline":"Garama","description":"\nNem\u00e1te to v\u00a0\u017eivot\u011b v\u016fbec lehk\u00e9? Pak jste jedn\u011bmi z\u00a0mnoha podobn\u00fdch lid\u00ed. Tedy z\u00a0mnoha t\u011bch, jim\u017e p\u0159ich\u00e1z\u00ed nab\u00eddka tohoto webu \u010dasto n\u00e1ramn\u011b vhod.","url":"https:\/\/www.garama.cz","hasPart":[{"@type":"Article","@id":"https:\/\/www.garama.cz\/pro-vsechny\/","headline":"Pro v\u0161echny","url":"https:\/\/www.garama.cz\/pro-vsechny\/","datePublished":"2025-03-11","dateModified":"2025-03-11","mainEntityOfPage":"https:\/\/www.garama.cz\/pro-vsechny\/","author":{"@type":"Person","@id":"https:\/\/www.garama.cz\/author\/#Person","name":"","url":"https:\/\/www.garama.cz\/author\/","identifier":1,"image":{"@type":"ImageObject","@id":"https:\/\/secure.gravatar.com\/avatar\/fb50772173929303fbe6024f179e4dd9837c71f6efc661bdb046860d442d05b5?s=96&d=mm&r=g","url":"https:\/\/secure.gravatar.com\/avatar\/fb50772173929303fbe6024f179e4dd9837c71f6efc661bdb046860d442d05b5?s=96&d=mm&r=g","height":96,"width":96}},"publisher":{"@type":"Organization","name":"garama.cz","logo":{"@type":"ImageObject","@id":"\/logo.png","url":"\/logo.png","width":600,"height":60}},"image":null,"wordCount":228,"keywords":null},{"@type":"Article","@id":"https:\/\/www.garama.cz\/vzpominame-kupujeme\/","headline":"Vzpom\u00edn\u00e1me, kupujeme?","url":"https:\/\/www.garama.cz\/vzpominame-kupujeme\/","datePublished":"2025-03-04","dateModified":"2025-03-04","mainEntityOfPage":"https:\/\/www.garama.cz\/vzpominame-kupujeme\/","author":{"@type":"Person","@id":"https:\/\/www.garama.cz\/author\/#Person","name":"","url":"https:\/\/www.garama.cz\/author\/","identifier":1,"image":{"@type":"ImageObject","@id":"https:\/\/secure.gravatar.com\/avatar\/fb50772173929303fbe6024f179e4dd9837c71f6efc661bdb046860d442d05b5?s=96&d=mm&r=g","url":"https:\/\/secure.gravatar.com\/avatar\/fb50772173929303fbe6024f179e4dd9837c71f6efc661bdb046860d442d05b5?s=96&d=mm&r=g","height":96,"width":96}},"publisher":{"@type":"Organization","name":"garama.cz","logo":{"@type":"ImageObject","@id":"\/logo.png","url":"\/logo.png","width":600,"height":60}},"image":{"@type":"ImageObject","@id":"https:\/\/www.garama.cz\/wp-content\/uploads\/img_a317798_w1980_t1528576083.jpg","url":"https:\/\/www.garama.cz\/wp-content\/uploads\/img_a317798_w1980_t1528576083.jpg","height":0,"width":0},"wordCount":488,"keywords":null},{"@type":"Article","@id":"https:\/\/www.garama.cz\/zdravy-vzhled-problem-dnesni-doby\/","headline":"ZDRAV\u00dd VZHLED &#8211; PROBL\u00c9M DNE\u0160N\u00cd DOBY","url":"https:\/\/www.garama.cz\/zdravy-vzhled-problem-dnesni-doby\/","datePublished":"2025-03-04","dateModified":"2025-03-04","mainEntityOfPage":"https:\/\/www.garama.cz\/zdravy-vzhled-problem-dnesni-doby\/","author":{"@type":"Person","@id":"https:\/\/www.garama.cz\/author\/#Person","name":"","url":"https:\/\/www.garama.cz\/author\/","identifier":1,"image":{"@type":"ImageObject","@id":"https:\/\/secure.gravatar.com\/avatar\/fb50772173929303fbe6024f179e4dd9837c71f6efc661bdb046860d442d05b5?s=96&d=mm&r=g","url":"https:\/\/secure.gravatar.com\/avatar\/fb50772173929303fbe6024f179e4dd9837c71f6efc661bdb046860d442d05b5?s=96&d=mm&r=g","height":96,"width":96}},"publisher":{"@type":"Organization","name":"garama.cz","logo":{"@type":"ImageObject","@id":"\/logo.png","url":"\/logo.png","width":600,"height":60}},"image":{"@type":"ImageObject","@id":"https:\/\/www.garama.cz\/wp-content\/uploads\/img_a304255_w2076_t1515317993.jpg","url":"https:\/\/www.garama.cz\/wp-content\/uploads\/img_a304255_w2076_t1515317993.jpg","height":0,"width":0},"wordCount":2322,"keywords":null},{"@type":"Article","@id":"https:\/\/www.garama.cz\/fenomen-biatlon\/","headline":"Fenom\u00e9n biatlon","url":"https:\/\/www.garama.cz\/fenomen-biatlon\/","datePublished":"2025-03-04","dateModified":"2025-03-04","mainEntityOfPage":"https:\/\/www.garama.cz\/fenomen-biatlon\/","author":{"@type":"Person","@id":"https:\/\/www.garama.cz\/author\/#Person","name":"","url":"https:\/\/www.garama.cz\/author\/","identifier":1,"image":{"@type":"ImageObject","@id":"https:\/\/secure.gravatar.com\/avatar\/fb50772173929303fbe6024f179e4dd9837c71f6efc661bdb046860d442d05b5?s=96&d=mm&r=g","url":"https:\/\/secure.gravatar.com\/avatar\/fb50772173929303fbe6024f179e4dd9837c71f6efc661bdb046860d442d05b5?s=96&d=mm&r=g","height":96,"width":96}},"publisher":{"@type":"Organization","name":"garama.cz","logo":{"@type":"ImageObject","@id":"\/logo.png","url":"\/logo.png","width":600,"height":60}},"image":{"@type":"ImageObject","@id":"https:\/\/www.garama.cz\/wp-content\/uploads\/img_a295280_w2189_t1506771547.jpg","url":"https:\/\/www.garama.cz\/wp-content\/uploads\/img_a295280_w2189_t1506771547.jpg","height":0,"width":0},"wordCount":532,"keywords":null},{"@type":"Article","@id":"https:\/\/www.garama.cz\/kdyz-musi-sportovec-do-duchodu\/","headline":"Kdy\u017e mus\u00ed sportovec \u201edo d\u016fchodu\u201c","url":"https:\/\/www.garama.cz\/kdyz-musi-sportovec-do-duchodu\/","datePublished":"2025-03-03","dateModified":"2025-03-03","mainEntityOfPage":"https:\/\/www.garama.cz\/kdyz-musi-sportovec-do-duchodu\/","author":{"@type":"Person","@id":"https:\/\/www.garama.cz\/author\/#Person","name":"","url":"https:\/\/www.garama.cz\/author\/","identifier":1,"image":{"@type":"ImageObject","@id":"https:\/\/secure.gravatar.com\/avatar\/fb50772173929303fbe6024f179e4dd9837c71f6efc661bdb046860d442d05b5?s=96&d=mm&r=g","url":"https:\/\/secure.gravatar.com\/avatar\/fb50772173929303fbe6024f179e4dd9837c71f6efc661bdb046860d442d05b5?s=96&d=mm&r=g","height":96,"width":96}},"publisher":{"@type":"Organization","name":"garama.cz","logo":{"@type":"ImageObject","@id":"\/logo.png","url":"\/logo.png","width":600,"height":60}},"image":{"@type":"ImageObject","@id":"https:\/\/www.garama.cz\/wp-content\/uploads\/img_a287509_w2254_t1498119257.jpg","url":"https:\/\/www.garama.cz\/wp-content\/uploads\/img_a287509_w2254_t1498119257.jpg","height":0,"width":0},"wordCount":591,"keywords":null},{"@type":"Article","@id":"https:\/\/www.garama.cz\/velmi-vitany-kontrast-do-vaseho-bytu\/","headline":"Velmi v\u00edtan\u00fd kontrast do Va\u0161eho bytu","url":"https:\/\/www.garama.cz\/velmi-vitany-kontrast-do-vaseho-bytu\/","datePublished":"2025-03-03","dateModified":"2025-03-03","mainEntityOfPage":"https:\/\/www.garama.cz\/velmi-vitany-kontrast-do-vaseho-bytu\/","author":{"@type":"Person","@id":"https:\/\/www.garama.cz\/author\/#Person","name":"","url":"https:\/\/www.garama.cz\/author\/","identifier":1,"image":{"@type":"ImageObject","@id":"https:\/\/secure.gravatar.com\/avatar\/fb50772173929303fbe6024f179e4dd9837c71f6efc661bdb046860d442d05b5?s=96&d=mm&r=g","url":"https:\/\/secure.gravatar.com\/avatar\/fb50772173929303fbe6024f179e4dd9837c71f6efc661bdb046860d442d05b5?s=96&d=mm&r=g","height":96,"width":96}},"publisher":{"@type":"Organization","name":"garama.cz","logo":{"@type":"ImageObject","@id":"\/logo.png","url":"\/logo.png","width":600,"height":60}},"image":null,"wordCount":220,"keywords":null},{"@type":"Article","@id":"https:\/\/www.garama.cz\/umite-si-udrzet-poradek-ve-svych-uloznych-prostorach\/","headline":"Um\u00edte si udr\u017eet po\u0159\u00e1dek ve sv\u00fdch \u00falo\u017en\u00fdch prostor\u00e1ch?","url":"https:\/\/www.garama.cz\/umite-si-udrzet-poradek-ve-svych-uloznych-prostorach\/","datePublished":"2025-02-27","dateModified":"2025-02-27","mainEntityOfPage":"https:\/\/www.garama.cz\/umite-si-udrzet-poradek-ve-svych-uloznych-prostorach\/","author":{"@type":"Person","@id":"https:\/\/www.garama.cz\/author\/#Person","name":"","url":"https:\/\/www.garama.cz\/author\/","identifier":1,"image":{"@type":"ImageObject","@id":"https:\/\/secure.gravatar.com\/avatar\/fb50772173929303fbe6024f179e4dd9837c71f6efc661bdb046860d442d05b5?s=96&d=mm&r=g","url":"https:\/\/secure.gravatar.com\/avatar\/fb50772173929303fbe6024f179e4dd9837c71f6efc661bdb046860d442d05b5?s=96&d=mm&r=g","height":96,"width":96}},"publisher":{"@type":"Organization","name":"garama.cz","logo":{"@type":"ImageObject","@id":"\/logo.png","url":"\/logo.png","width":600,"height":60}},"image":{"@type":"ImageObject","@id":"https:\/\/www.garama.cz\/wp-content\/uploads\/img_a292130_w2183_t1504556750.jpg","url":"https:\/\/www.garama.cz\/wp-content\/uploads\/img_a292130_w2183_t1504556750.jpg","height":0,"width":0},"wordCount":566,"keywords":null},{"@type":"Article","@id":"https:\/\/www.garama.cz\/mladez-a-internet\/","headline":"Ml\u00e1de\u017e a internet","url":"https:\/\/www.garama.cz\/mladez-a-internet\/","datePublished":"2025-02-27","dateModified":"2025-02-27","mainEntityOfPage":"https:\/\/www.garama.cz\/mladez-a-internet\/","author":{"@type":"Person","@id":"https:\/\/www.garama.cz\/author\/#Person","name":"","url":"https:\/\/www.garama.cz\/author\/","identifier":1,"image":{"@type":"ImageObject","@id":"https:\/\/secure.gravatar.com\/avatar\/fb50772173929303fbe6024f179e4dd9837c71f6efc661bdb046860d442d05b5?s=96&d=mm&r=g","url":"https:\/\/secure.gravatar.com\/avatar\/fb50772173929303fbe6024f179e4dd9837c71f6efc661bdb046860d442d05b5?s=96&d=mm&r=g","height":96,"width":96}},"publisher":{"@type":"Organization","name":"garama.cz","logo":{"@type":"ImageObject","@id":"\/logo.png","url":"\/logo.png","width":600,"height":60}},"image":{"@type":"ImageObject","@id":"https:\/\/www.garama.cz\/wp-content\/uploads\/img_a289238_w1949_t1500635244.jpg","url":"https:\/\/www.garama.cz\/wp-content\/uploads\/img_a289238_w1949_t1500635244.jpg","height":0,"width":0},"wordCount":538,"keywords":null},{"@type":"Article","@id":"https:\/\/www.garama.cz\/mercedes-predstavil-novy-hybridni-sestivalec-o-vykonu-320-kw\/","headline":"Mercedes p\u0159edstavil nov\u00fd hybridn\u00ed \u0161estiv\u00e1lec o v\u00fdkonu 320 kW","url":"https:\/\/www.garama.cz\/mercedes-predstavil-novy-hybridni-sestivalec-o-vykonu-320-kw\/","datePublished":"2025-02-26","dateModified":"2025-02-26","mainEntityOfPage":"https:\/\/www.garama.cz\/mercedes-predstavil-novy-hybridni-sestivalec-o-vykonu-320-kw\/","author":{"@type":"Person","@id":"https:\/\/www.garama.cz\/author\/#Person","name":"","url":"https:\/\/www.garama.cz\/author\/","identifier":1,"image":{"@type":"ImageObject","@id":"https:\/\/secure.gravatar.com\/avatar\/fb50772173929303fbe6024f179e4dd9837c71f6efc661bdb046860d442d05b5?s=96&d=mm&r=g","url":"https:\/\/secure.gravatar.com\/avatar\/fb50772173929303fbe6024f179e4dd9837c71f6efc661bdb046860d442d05b5?s=96&d=mm&r=g","height":96,"width":96}},"publisher":{"@type":"Organization","name":"garama.cz","logo":{"@type":"ImageObject","@id":"\/logo.png","url":"\/logo.png","width":600,"height":60}},"image":{"@type":"ImageObject","@id":"https:\/\/www.garama.cz\/wp-content\/uploads\/img_a308275_w2209_t1519405568.jpg","url":"https:\/\/www.garama.cz\/wp-content\/uploads\/img_a308275_w2209_t1519405568.jpg","height":0,"width":0},"wordCount":490,"keywords":null},{"@type":"Article","@id":"https:\/\/www.garama.cz\/kvalitou-nesetrime\/","headline":"Kvalitou ne\u0161et\u0159\u00edme!","url":"https:\/\/www.garama.cz\/kvalitou-nesetrime\/","datePublished":"2025-02-22","dateModified":"2025-02-22","mainEntityOfPage":"https:\/\/www.garama.cz\/kvalitou-nesetrime\/","author":{"@type":"Person","@id":"https:\/\/www.garama.cz\/author\/#Person","name":"","url":"https:\/\/www.garama.cz\/author\/","identifier":1,"image":{"@type":"ImageObject","@id":"https:\/\/secure.gravatar.com\/avatar\/fb50772173929303fbe6024f179e4dd9837c71f6efc661bdb046860d442d05b5?s=96&d=mm&r=g","url":"https:\/\/secure.gravatar.com\/avatar\/fb50772173929303fbe6024f179e4dd9837c71f6efc661bdb046860d442d05b5?s=96&d=mm&r=g","height":96,"width":96}},"publisher":{"@type":"Organization","name":"garama.cz","logo":{"@type":"ImageObject","@id":"\/logo.png","url":"\/logo.png","width":600,"height":60}},"image":null,"wordCount":222,"keywords":null}]},{"@context":"https:\/\/schema.org","@type":"WebSite","@id":"https:\/\/www.garama.cz\/#website","name":"Garama","url":"https:\/\/www.garama.cz","potentialAction":{"@type":"SearchAction","target":"https:\/\/www.garama.cz\/?s={search_term_string}","query-input":"required name=search_term_string"}}]