[{"@context":"https:\/\/schema.org\/","@type":"Blog","@id":"https:\/\/www.garama.cz#Blog","headline":"Garama","description":"\nNem\u00e1te to v\u00a0\u017eivot\u011b v\u016fbec lehk\u00e9? Pak jste jedn\u011bmi z\u00a0mnoha podobn\u00fdch lid\u00ed. Tedy z\u00a0mnoha t\u011bch, jim\u017e p\u0159ich\u00e1z\u00ed nab\u00eddka tohoto webu \u010dasto n\u00e1ramn\u011b vhod.","url":"https:\/\/www.garama.cz","hasPart":[{"@type":"Article","@id":"https:\/\/www.garama.cz\/nemate-sve-vlastni-webove-stranky-to-je-ale-chyba\/","headline":"Nem\u00e1te sv\u00e9 vlastn\u00ed webov\u00e9 str\u00e1nky? To je ale chyba!","url":"https:\/\/www.garama.cz\/nemate-sve-vlastni-webove-stranky-to-je-ale-chyba\/","datePublished":"2018-01-25","dateModified":"2018-01-25","mainEntityOfPage":"https:\/\/www.garama.cz\/nemate-sve-vlastni-webove-stranky-to-je-ale-chyba\/","author":{"@type":"Person","@id":"https:\/\/www.garama.cz\/author\/#Person","name":"","url":"https:\/\/www.garama.cz\/author\/","identifier":1,"image":{"@type":"ImageObject","@id":"https:\/\/secure.gravatar.com\/avatar\/fb50772173929303fbe6024f179e4dd9837c71f6efc661bdb046860d442d05b5?s=96&d=mm&r=g","url":"https:\/\/secure.gravatar.com\/avatar\/fb50772173929303fbe6024f179e4dd9837c71f6efc661bdb046860d442d05b5?s=96&d=mm&r=g","height":96,"width":96}},"publisher":{"@type":"Organization","name":"garama.cz","logo":{"@type":"ImageObject","@id":"\/logo.png","url":"\/logo.png","width":600,"height":60}},"image":{"@type":"ImageObject","@id":"https:\/\/www.garama.cz\/wp-content\/uploads\/img_a309669_w2049_t1520599226.jpg","url":"https:\/\/www.garama.cz\/wp-content\/uploads\/img_a309669_w2049_t1520599226.jpg","height":0,"width":0},"wordCount":535,"keywords":null},{"@type":"Article","@id":"https:\/\/www.garama.cz\/bezpecnost-na-prvnim-miste\/","headline":"Bezpe\u010dnost na prvn\u00edm m\u00edst\u011b","url":"https:\/\/www.garama.cz\/bezpecnost-na-prvnim-miste\/","datePublished":"2018-01-22","dateModified":"2018-01-22","mainEntityOfPage":"https:\/\/www.garama.cz\/bezpecnost-na-prvnim-miste\/","author":{"@type":"Person","@id":"https:\/\/www.garama.cz\/author\/#Person","name":"","url":"https:\/\/www.garama.cz\/author\/","identifier":1,"image":{"@type":"ImageObject","@id":"https:\/\/secure.gravatar.com\/avatar\/fb50772173929303fbe6024f179e4dd9837c71f6efc661bdb046860d442d05b5?s=96&d=mm&r=g","url":"https:\/\/secure.gravatar.com\/avatar\/fb50772173929303fbe6024f179e4dd9837c71f6efc661bdb046860d442d05b5?s=96&d=mm&r=g","height":96,"width":96}},"publisher":{"@type":"Organization","name":"garama.cz","logo":{"@type":"ImageObject","@id":"\/logo.png","url":"\/logo.png","width":600,"height":60}},"image":{"@type":"ImageObject","@id":"https:\/\/www.garama.cz\/wp-content\/uploads\/img_a308998_w2104_t1519997948.png","url":"https:\/\/www.garama.cz\/wp-content\/uploads\/img_a308998_w2104_t1519997948.png","height":0,"width":0},"wordCount":553,"keywords":null},{"@type":"Article","@id":"https:\/\/www.garama.cz\/radeji-s-tim-pocitejte\/","headline":"Rad\u011bji s t\u00edm po\u010d\u00edtejte","url":"https:\/\/www.garama.cz\/radeji-s-tim-pocitejte\/","datePublished":"2018-01-20","dateModified":"2018-01-20","mainEntityOfPage":"https:\/\/www.garama.cz\/radeji-s-tim-pocitejte\/","author":{"@type":"Person","@id":"https:\/\/www.garama.cz\/author\/#Person","name":"","url":"https:\/\/www.garama.cz\/author\/","identifier":1,"image":{"@type":"ImageObject","@id":"https:\/\/secure.gravatar.com\/avatar\/fb50772173929303fbe6024f179e4dd9837c71f6efc661bdb046860d442d05b5?s=96&d=mm&r=g","url":"https:\/\/secure.gravatar.com\/avatar\/fb50772173929303fbe6024f179e4dd9837c71f6efc661bdb046860d442d05b5?s=96&d=mm&r=g","height":96,"width":96}},"publisher":{"@type":"Organization","name":"garama.cz","logo":{"@type":"ImageObject","@id":"\/logo.png","url":"\/logo.png","width":600,"height":60}},"image":{"@type":"ImageObject","@id":"https:\/\/www.garama.cz\/wp-content\/uploads\/img_a310196_w2227_t1521114004.png","url":"https:\/\/www.garama.cz\/wp-content\/uploads\/img_a310196_w2227_t1521114004.png","height":0,"width":0},"wordCount":547,"keywords":null},{"@type":"Article","@id":"https:\/\/www.garama.cz\/nastroj-ktery-ocenite\/","headline":"N\u00e1stroj, kter\u00fd ocen\u00edte","url":"https:\/\/www.garama.cz\/nastroj-ktery-ocenite\/","datePublished":"2018-01-15","dateModified":"2018-01-15","mainEntityOfPage":"https:\/\/www.garama.cz\/nastroj-ktery-ocenite\/","author":{"@type":"Person","@id":"https:\/\/www.garama.cz\/author\/#Person","name":"","url":"https:\/\/www.garama.cz\/author\/","identifier":1,"image":{"@type":"ImageObject","@id":"https:\/\/secure.gravatar.com\/avatar\/fb50772173929303fbe6024f179e4dd9837c71f6efc661bdb046860d442d05b5?s=96&d=mm&r=g","url":"https:\/\/secure.gravatar.com\/avatar\/fb50772173929303fbe6024f179e4dd9837c71f6efc661bdb046860d442d05b5?s=96&d=mm&r=g","height":96,"width":96}},"publisher":{"@type":"Organization","name":"garama.cz","logo":{"@type":"ImageObject","@id":"\/logo.png","url":"\/logo.png","width":600,"height":60}},"image":{"@type":"ImageObject","@id":"https:\/\/www.garama.cz\/wp-content\/uploads\/img_a310205_w1775_t1521114828.jpg","url":"https:\/\/www.garama.cz\/wp-content\/uploads\/img_a310205_w1775_t1521114828.jpg","height":0,"width":0},"wordCount":551,"keywords":null},{"@type":"Article","@id":"https:\/\/www.garama.cz\/vyladte-vas-dum-garazovymi-vraty\/","headline":"Vyla\u010fte V\u00e1\u0161 d\u016fm gar\u00e1\u017eov\u00fdmi vraty","url":"https:\/\/www.garama.cz\/vyladte-vas-dum-garazovymi-vraty\/","datePublished":"2018-01-11","dateModified":"2018-01-11","mainEntityOfPage":"https:\/\/www.garama.cz\/vyladte-vas-dum-garazovymi-vraty\/","author":{"@type":"Person","@id":"https:\/\/www.garama.cz\/author\/#Person","name":"","url":"https:\/\/www.garama.cz\/author\/","identifier":1,"image":{"@type":"ImageObject","@id":"https:\/\/secure.gravatar.com\/avatar\/fb50772173929303fbe6024f179e4dd9837c71f6efc661bdb046860d442d05b5?s=96&d=mm&r=g","url":"https:\/\/secure.gravatar.com\/avatar\/fb50772173929303fbe6024f179e4dd9837c71f6efc661bdb046860d442d05b5?s=96&d=mm&r=g","height":96,"width":96}},"publisher":{"@type":"Organization","name":"garama.cz","logo":{"@type":"ImageObject","@id":"\/logo.png","url":"\/logo.png","width":600,"height":60}},"image":{"@type":"ImageObject","@id":"https:\/\/www.garama.cz\/wp-content\/uploads\/img_a310149_w2445_t1521104350.jpg","url":"https:\/\/www.garama.cz\/wp-content\/uploads\/img_a310149_w2445_t1521104350.jpg","height":0,"width":0},"wordCount":526,"keywords":null},{"@type":"Article","@id":"https:\/\/www.garama.cz\/nepodcente-vydaje\/","headline":"Nepodce\u0148te v\u00fddaje","url":"https:\/\/www.garama.cz\/nepodcente-vydaje\/","datePublished":"2018-01-05","dateModified":"2018-01-05","mainEntityOfPage":"https:\/\/www.garama.cz\/nepodcente-vydaje\/","author":{"@type":"Person","@id":"https:\/\/www.garama.cz\/author\/#Person","name":"","url":"https:\/\/www.garama.cz\/author\/","identifier":1,"image":{"@type":"ImageObject","@id":"https:\/\/secure.gravatar.com\/avatar\/fb50772173929303fbe6024f179e4dd9837c71f6efc661bdb046860d442d05b5?s=96&d=mm&r=g","url":"https:\/\/secure.gravatar.com\/avatar\/fb50772173929303fbe6024f179e4dd9837c71f6efc661bdb046860d442d05b5?s=96&d=mm&r=g","height":96,"width":96}},"publisher":{"@type":"Organization","name":"garama.cz","logo":{"@type":"ImageObject","@id":"\/logo.png","url":"\/logo.png","width":600,"height":60}},"image":{"@type":"ImageObject","@id":"https:\/\/www.garama.cz\/wp-content\/uploads\/img_a310053_w2284_t1521012058.jpg","url":"https:\/\/www.garama.cz\/wp-content\/uploads\/img_a310053_w2284_t1521012058.jpg","height":0,"width":0},"wordCount":517,"keywords":null},{"@type":"Article","@id":"https:\/\/www.garama.cz\/vyhody-na-ktere-se-muzete-spolehnout\/","headline":"V\u00fdhody, na kter\u00e9 se m\u016f\u017eete spolehnout","url":"https:\/\/www.garama.cz\/vyhody-na-ktere-se-muzete-spolehnout\/","datePublished":"2018-01-04","dateModified":"2018-01-04","mainEntityOfPage":"https:\/\/www.garama.cz\/vyhody-na-ktere-se-muzete-spolehnout\/","author":{"@type":"Person","@id":"https:\/\/www.garama.cz\/author\/#Person","name":"","url":"https:\/\/www.garama.cz\/author\/","identifier":1,"image":{"@type":"ImageObject","@id":"https:\/\/secure.gravatar.com\/avatar\/fb50772173929303fbe6024f179e4dd9837c71f6efc661bdb046860d442d05b5?s=96&d=mm&r=g","url":"https:\/\/secure.gravatar.com\/avatar\/fb50772173929303fbe6024f179e4dd9837c71f6efc661bdb046860d442d05b5?s=96&d=mm&r=g","height":96,"width":96}},"publisher":{"@type":"Organization","name":"garama.cz","logo":{"@type":"ImageObject","@id":"\/logo.png","url":"\/logo.png","width":600,"height":60}},"image":{"@type":"ImageObject","@id":"https:\/\/www.garama.cz\/wp-content\/uploads\/img_a309444_w2186_t1520356179.jpg","url":"https:\/\/www.garama.cz\/wp-content\/uploads\/img_a309444_w2186_t1520356179.jpg","height":0,"width":0},"wordCount":526,"keywords":null},{"@type":"Article","@id":"https:\/\/www.garama.cz\/moje-dite-nezlobi-je-nemocne\/","headline":"Moje d\u00edt\u011b nezlob\u00ed, je nemocn\u00e9","url":"https:\/\/www.garama.cz\/moje-dite-nezlobi-je-nemocne\/","datePublished":"2018-01-03","dateModified":"2018-01-03","mainEntityOfPage":"https:\/\/www.garama.cz\/moje-dite-nezlobi-je-nemocne\/","author":{"@type":"Person","@id":"https:\/\/www.garama.cz\/author\/#Person","name":"","url":"https:\/\/www.garama.cz\/author\/","identifier":1,"image":{"@type":"ImageObject","@id":"https:\/\/secure.gravatar.com\/avatar\/fb50772173929303fbe6024f179e4dd9837c71f6efc661bdb046860d442d05b5?s=96&d=mm&r=g","url":"https:\/\/secure.gravatar.com\/avatar\/fb50772173929303fbe6024f179e4dd9837c71f6efc661bdb046860d442d05b5?s=96&d=mm&r=g","height":96,"width":96}},"publisher":{"@type":"Organization","name":"garama.cz","logo":{"@type":"ImageObject","@id":"\/logo.png","url":"\/logo.png","width":600,"height":60}},"image":{"@type":"ImageObject","@id":"https:\/\/www.garama.cz\/wp-content\/uploads\/img_a309261_w2286_t1520238599.jpg","url":"https:\/\/www.garama.cz\/wp-content\/uploads\/img_a309261_w2286_t1520238599.jpg","height":0,"width":0},"wordCount":518,"keywords":null},{"@type":"Article","@id":"https:\/\/www.garama.cz\/ekonomicka-situace-2018-v-ceske-republice\/","headline":"Ekonomick\u00e1 situace 2018 v \u010cesk\u00e9 republice","url":"https:\/\/www.garama.cz\/ekonomicka-situace-2018-v-ceske-republice\/","datePublished":"2017-12-28","dateModified":"2017-12-28","mainEntityOfPage":"https:\/\/www.garama.cz\/ekonomicka-situace-2018-v-ceske-republice\/","author":{"@type":"Person","@id":"https:\/\/www.garama.cz\/author\/#Person","name":"","url":"https:\/\/www.garama.cz\/author\/","identifier":1,"image":{"@type":"ImageObject","@id":"https:\/\/secure.gravatar.com\/avatar\/fb50772173929303fbe6024f179e4dd9837c71f6efc661bdb046860d442d05b5?s=96&d=mm&r=g","url":"https:\/\/secure.gravatar.com\/avatar\/fb50772173929303fbe6024f179e4dd9837c71f6efc661bdb046860d442d05b5?s=96&d=mm&r=g","height":96,"width":96}},"publisher":{"@type":"Organization","name":"garama.cz","logo":{"@type":"ImageObject","@id":"\/logo.png","url":"\/logo.png","width":600,"height":60}},"image":{"@type":"ImageObject","@id":"https:\/\/www.garama.cz\/wp-content\/uploads\/img_a308678_w2419_t1519803765.jpg","url":"https:\/\/www.garama.cz\/wp-content\/uploads\/img_a308678_w2419_t1519803765.jpg","height":0,"width":0},"wordCount":669,"keywords":null},{"@type":"Article","@id":"https:\/\/www.garama.cz\/neni-to-ostuda\/","headline":"Nen\u00ed to ostuda","url":"https:\/\/www.garama.cz\/neni-to-ostuda\/","datePublished":"2017-11-24","dateModified":"2017-11-24","mainEntityOfPage":"https:\/\/www.garama.cz\/neni-to-ostuda\/","author":{"@type":"Person","@id":"https:\/\/www.garama.cz\/author\/#Person","name":"","url":"https:\/\/www.garama.cz\/author\/","identifier":1,"image":{"@type":"ImageObject","@id":"https:\/\/secure.gravatar.com\/avatar\/fb50772173929303fbe6024f179e4dd9837c71f6efc661bdb046860d442d05b5?s=96&d=mm&r=g","url":"https:\/\/secure.gravatar.com\/avatar\/fb50772173929303fbe6024f179e4dd9837c71f6efc661bdb046860d442d05b5?s=96&d=mm&r=g","height":96,"width":96}},"publisher":{"@type":"Organization","name":"garama.cz","logo":{"@type":"ImageObject","@id":"\/logo.png","url":"\/logo.png","width":600,"height":60}},"image":{"@type":"ImageObject","@id":"https:\/\/www.garama.cz\/wp-content\/uploads\/img_a305280_w1972_t1516795511.jpg","url":"https:\/\/www.garama.cz\/wp-content\/uploads\/img_a305280_w1972_t1516795511.jpg","height":0,"width":0},"wordCount":512,"keywords":null}]},{"@context":"https:\/\/schema.org","@type":"WebSite","@id":"https:\/\/www.garama.cz\/#website","name":"Garama","url":"https:\/\/www.garama.cz","potentialAction":{"@type":"SearchAction","target":"https:\/\/www.garama.cz\/?s={search_term_string}","query-input":"required name=search_term_string"}}]