[{"@context":"https:\/\/schema.org\/","@type":"Article","@id":"https:\/\/www.garama.cz\/nejen-pro-nektere\/#Article","mainEntityOfPage":"https:\/\/www.garama.cz\/nejen-pro-nektere\/","headline":"Nejen pro n\u011bkter\u00e9","name":"Nejen pro n\u011bkter\u00e9","description":"Tak\u00e9 pat\u0159\u00edte k t\u011bm, kdo se domn\u00edvaj\u00ed, \u017ee \u00fapravy vzhledu vozidel pat\u0159\u00ed jen do okrajov\u00e9 oblasti, \u017ee to d\u011blaj\u00ed jen skaln\u00ed fanou\u0161ci tuningu? Ale kdepak, dnes se ji\u017e tyto z\u00e1le\u017eitosti dost\u00e1vaj\u00ed i mezi \u0161ir\u0161\u00ed ve\u0159ejnost, st\u00e1vaj\u00ed se naprosto b\u011b\u017en\u00fdmi. Krom\u011b [&hellip;]","datePublished":"2025-08-18","dateModified":"2025-08-18","author":{"@type":"Person","@id":"https:\/\/www.garama.cz\/author\/#Person","name":"","url":"https:\/\/www.garama.cz\/author\/","identifier":1,"image":{"@type":"ImageObject","@id":"https:\/\/secure.gravatar.com\/avatar\/fb50772173929303fbe6024f179e4dd9837c71f6efc661bdb046860d442d05b5?s=96&d=mm&r=g","url":"https:\/\/secure.gravatar.com\/avatar\/fb50772173929303fbe6024f179e4dd9837c71f6efc661bdb046860d442d05b5?s=96&d=mm&r=g","height":96,"width":96}},"publisher":{"@type":"Organization","name":"garama.cz","logo":{"@type":"ImageObject","@id":"\/logo.png","url":"\/logo.png","width":600,"height":60}},"url":"https:\/\/www.garama.cz\/nejen-pro-nektere\/","wordCount":249,"articleBody":"Tak\u00e9 pat\u0159\u00edte k t\u011bm, kdo se domn\u00edvaj\u00ed, \u017ee \u00fapravy vzhledu vozidel pat\u0159\u00ed jen do okrajov\u00e9 oblasti, \u017ee to d\u011blaj\u00ed jen skaln\u00ed fanou\u0161ci tuningu? Ale kdepak, dnes se ji\u017e tyto z\u00e1le\u017eitosti dost\u00e1vaj\u00ed i mezi \u0161ir\u0161\u00ed ve\u0159ejnost, st\u00e1vaj\u00ed se naprosto b\u011b\u017en\u00fdmi. Krom\u011b vzhledu toti\u017e \u010dasto tyto \u00fapravy p\u0159in\u00e1\u0161ej\u00ed i dal\u0161\u00ed zaj\u00edmav\u00e9 vlastnosti. Nap\u0159\u00edklad hovo\u0159\u00edme-li o t\u00f3nov\u00e1n\u00ed autoskel Brno, je t\u0159eba zm\u00ednit, \u017ee tato f\u00f3lie na oknech n\u00e1m p\u0159inese zna\u010dnou \u00falevu v letn\u00edch m\u011bs\u00edc\u00edch, kdy n\u00e1s chr\u00e1n\u00ed p\u0159ed slune\u010dn\u00edmi paprsky a p\u0159ed pronik\u00e1n\u00edm nebezpe\u010dn\u00e9ho UV z\u00e1\u0159en\u00ed. Logicky t\u00edm tedy podporuje funkci klimatizace, ve Va\u0161em voze V\u00e1m bude p\u0159\u00edjemn\u011b po cel\u00fd rok. A pokud klimatizaci nem\u00e1te? Nevad\u00ed, V\u00e1m tato f\u00f3lie poslou\u017e\u00ed stejn\u011b dob\u0159e, poc\u00edt\u00edte p\u0159\u00edjemnou \u00falevu od horka. Bezpe\u010dnost nade v\u0161e St\u00e1le je\u0161t\u011b v\u00e1h\u00e1te, zda takovou f\u00f3lii na sv\u00e9m voze pot\u0159ebujete? A co kdy\u017e V\u00e1m \u0159ekneme, \u017ee krom\u011b \u00falevy od slune\u010dn\u00edch paprsk\u016f zvy\u0161uje i bezpe\u010d\u00ed ve voze? D\u00edky nalepen\u00e9 f\u00f3lii se rozbit\u00e9 okno nerozsype v\u0161ude kolem, zna\u010dn\u011b se t\u00edm sn\u00ed\u017e\u00ed pravd\u011bpodobnost zran\u011bn\u00ed o rozbit\u00e9 sklo, nav\u00edc okno zna\u010dn\u011b zpev\u0148uje, zlod\u011bji tedy budou m\u00edt zt\u00ed\u017eenou pr\u00e1ci.                                                                                                                                                                                                                                                                                                                                                                                                "},{"@context":"https:\/\/schema.org\/","@type":"BreadcrumbList","itemListElement":[{"@type":"ListItem","position":1,"name":"Nejen pro n\u011bkter\u00e9","item":"https:\/\/www.garama.cz\/nejen-pro-nektere\/#breadcrumbitem"}]}]