[{"@context":"https:\/\/schema.org\/","@type":"Article","@id":"https:\/\/www.garama.cz\/nehty-jako-zrcadlo\/#Article","mainEntityOfPage":"https:\/\/www.garama.cz\/nehty-jako-zrcadlo\/","headline":"Nehty jako zrcadlo!","name":"Nehty jako zrcadlo!","description":"P\u0159\u00edrodn\u00ed upraven\u00e9 Jestli\u017ee jste odm\u00edtla jakoukoliv \u00fapravu neht\u016f pomoc\u00ed laku, ale i p\u0159es to je m\u00e1te kr\u00e1sn\u00e9, zdrav\u00e9, \u010dist\u00e9 a vyle\u0161t\u011bn\u00e9, vypov\u00edd\u00e1 to o \u010dlov\u011bku mnoho. Tyto osoby jsou \u010distotn\u00e9, r\u00e1dy se l\u00edb\u00ed opa\u010dn\u00e9mu pohlav\u00ed, nicm\u00e9n\u011b to nep\u0159eh\u00e1n\u00ed. Jedn\u00e1 se [&hellip;]","datePublished":"2019-10-21","dateModified":"2019-10-21","author":{"@type":"Person","@id":"https:\/\/www.garama.cz\/author\/#Person","name":"","url":"https:\/\/www.garama.cz\/author\/","identifier":1,"image":{"@type":"ImageObject","@id":"https:\/\/secure.gravatar.com\/avatar\/fb50772173929303fbe6024f179e4dd9837c71f6efc661bdb046860d442d05b5?s=96&d=mm&r=g","url":"https:\/\/secure.gravatar.com\/avatar\/fb50772173929303fbe6024f179e4dd9837c71f6efc661bdb046860d442d05b5?s=96&d=mm&r=g","height":96,"width":96}},"publisher":{"@type":"Organization","name":"garama.cz","logo":{"@type":"ImageObject","@id":"\/logo.png","url":"\/logo.png","width":600,"height":60}},"image":{"@type":"ImageObject","@id":"https:\/\/www.garama.cz\/wp-content\/uploads\/img_a356183_w3125_t1570894767.jpg","url":"https:\/\/www.garama.cz\/wp-content\/uploads\/img_a356183_w3125_t1570894767.jpg","height":0,"width":0},"url":"https:\/\/www.garama.cz\/nehty-jako-zrcadlo\/","about":["Kr\u00e1sa"],"wordCount":410,"articleBody":"P\u0159\u00edrodn\u00ed upraven\u00e9Jestli\u017ee jste odm\u00edtla jakoukoliv \u00fapravu neht\u016f pomoc\u00ed laku, ale i p\u0159es to je m\u00e1te kr\u00e1sn\u00e9, zdrav\u00e9, \u010dist\u00e9 a vyle\u0161t\u011bn\u00e9, vypov\u00edd\u00e1 to o \u010dlov\u011bku mnoho. Tyto osoby jsou \u010distotn\u00e9, r\u00e1dy se l\u00edb\u00ed opa\u010dn\u00e9mu pohlav\u00ed, nicm\u00e9n\u011b to nep\u0159eh\u00e1n\u00ed. Jedn\u00e1 se o \u017eeny sp\u00ed\u0161e introvertn\u00ed a v\u011brn\u00e9. M\u016f\u017eeme o nich mluvit i jako o lidech se vztahem k\u00a0p\u0159\u00edrod\u011b a \u017eivotn\u00edmu prost\u0159ed\u00ed.P\u0159\u00edrodn\u00ed neupraven\u00e9Jestli\u017ee i vy m\u00e1te ve zvyku neust\u00e1le si kousat nehty, okam\u017eit\u011b s\u00a0t\u00edm p\u0159esta\u0148te! Nejen\u017ee to nevypad\u00e1 opravdu dob\u0159e, ale ka\u017ed\u00e9mu hned bude na prvn\u00ed pohled jasn\u00e9, \u017ee jste osoba, kter\u00e1 nev\u011bnuje p\u0159\u00edli\u0161 pozornosti sv\u00e9mu vzhledu. \u017deny s\u00a0t\u011bmto nehty jsou tak\u00e9 \u010dasto nerv\u00f3zn\u00ed, nepozorn\u00e9 a stydliv\u00e9.Francouzsk\u00e1 manik\u00faraTento druh \u00fapravy neht\u016f vol\u00ed p\u0159edev\u0161\u00edm elegantn\u00ed \u017eeny. D\u00e1my co jsou sebev\u011bdom\u00e9 a v\u011bd\u00ed, \u017ee m\u00e9n\u011b je n\u011bkdy v\u00edce. Jedn\u00e1 se o romanti\u010dky ka\u017ed\u00fdm kouskem sv\u00e9ho srdce. Ve v\u011bt\u0161in\u011b p\u0159\u00edpad\u016f neb\u00fdvaj\u00ed v\u00fdst\u0159edn\u00ed a maj\u00ed r\u00e1dy teplo rodinn\u00e9ho krbu.Um\u011bl\u00e9 barevn\u00e9 nehtyTento styl je charakteristick\u00fd pro siln\u00e9, emancipovan\u00e9 \u017eeny, kter\u00e9 p\u0159esn\u011b v\u011bd\u00ed, co cht\u011bj\u00ed. Jsou sebev\u011bdom\u00e9 a maj\u00ed r\u00e1dy, kdy\u017e jsou st\u0159edem pozornosti a jestli\u017ee jdou v\u011bci podle jejich p\u0159edstav.Charakter se d\u00e1 p\u0159edpov\u00eddat i podle barvy, kter\u00e1 je na nehty nanesena. Jak\u00e1 je va\u0161e?\u00b7\u00a0\u00a0\u00a0\u00a0\u00a0\u00a0\u00a0\u00a0 \u017dlut\u00e1 \u2013 symbolem l\u00e1sky a pozitiva. Jestli\u017ee m\u00e1te i vy r\u00e1da tuto barvu na nehtech, jste neust\u00e1le dob\u0159e nalad\u011bn\u00e1!\u00b7\u00a0\u00a0\u00a0\u00a0\u00a0\u00a0\u00a0\u00a0 R\u016f\u017eov\u00e1 \u2013 nanesete-li si r\u016f\u017eovou, pravd\u011bpodobn\u011b budete \u017eena ka\u017ed\u00fdm coulem. M\u00e1te r\u00e1da nakupov\u00e1n\u00ed a kaf\u00ed\u010dka s\u00a0kamar\u00e1dkami.\u00b7\u00a0\u00a0\u00a0\u00a0\u00a0\u00a0\u00a0\u00a0 \u010cerven\u00e1 \u2013 znak v\u00e1\u0161n\u011b. M\u00e1te-li ji i vy v\u00a0oblib\u011b, sexappeal v\u00e1m rozhodn\u011b nechyb\u00ed!\u00b7\u00a0\u00a0\u00a0\u00a0\u00a0\u00a0\u00a0\u00a0 Modr\u00e1 \u2013 tyto \u017eeny vynikaj\u00ed v\u00a0soust\u0159ed\u011bnosti a schopnosti zachovat klidnou a chladnou hlavu, co\u017e m\u016f\u017ee b\u00fdt p\u0159i h\u00e1dk\u00e1ch neskute\u010dn\u00e1 v\u00fdhoda. Gratulujeme!\u00b7\u00a0\u00a0\u00a0\u00a0\u00a0\u00a0\u00a0\u00a0 Zelen\u00e1 \u2013 symbol p\u0159\u00edrody. M\u00e1te r\u00e1da v\u011bci v\u00a0rovnov\u00e1ze a nesnesete, pokud je jin\u00e9mu k\u0159ivd\u011bno.\u00b7\u00a0\u00a0\u00a0\u00a0\u00a0\u00a0\u00a0\u00a0 \u010cern\u00e1 \u2013 \u010dern\u00e1 je sice barva smutnu, ale i elegance. Patrn\u011b jste d\u00e1ma s\u00a0v\u00fdborn\u00fdm vkusem.                                                                                                                                                                                                                                                                                                                                                                                        4\/5 - (6 votes)        "},{"@context":"https:\/\/schema.org\/","@type":"BreadcrumbList","itemListElement":[{"@type":"ListItem","position":1,"name":"Nehty jako zrcadlo!","item":"https:\/\/www.garama.cz\/nehty-jako-zrcadlo\/#breadcrumbitem"}]}]