[{"@context":"https:\/\/schema.org\/","@type":"Article","@id":"https:\/\/www.garama.cz\/nechcete-byt-zapomenuti\/#Article","mainEntityOfPage":"https:\/\/www.garama.cz\/nechcete-byt-zapomenuti\/","headline":"Nechcete b\u00fdt zapomenuti?","name":"Nechcete b\u00fdt zapomenuti?","description":"U\u017e si ani nevzpomenu, kolik lid\u00ed a instituc\u00ed mi n\u011bkdy b\u011bhem m\u00e9ho \u017eivota dalo sv\u00e9 telefonn\u00ed \u010d\u00edslo. V\u00edm jenom, \u017ee jich bylo docela dost. A co se postupem \u010dasu stalo? L\u00edstek s takov\u00fdm zapsan\u00fdm \u010d\u00edslem n\u011bkam zapadl nebo vybledl natolik, [&hellip;]","datePublished":"2025-05-03","dateModified":"2025-05-03","author":{"@type":"Person","@id":"https:\/\/www.garama.cz\/author\/#Person","name":"","url":"https:\/\/www.garama.cz\/author\/","identifier":1,"image":{"@type":"ImageObject","@id":"https:\/\/secure.gravatar.com\/avatar\/fb50772173929303fbe6024f179e4dd9837c71f6efc661bdb046860d442d05b5?s=96&d=mm&r=g","url":"https:\/\/secure.gravatar.com\/avatar\/fb50772173929303fbe6024f179e4dd9837c71f6efc661bdb046860d442d05b5?s=96&d=mm&r=g","height":96,"width":96}},"publisher":{"@type":"Organization","name":"garama.cz","logo":{"@type":"ImageObject","@id":"\/logo.png","url":"\/logo.png","width":600,"height":60}},"image":{"@type":"ImageObject","@id":"https:\/\/www.garama.cz\/wp-content\/uploads\/tttt_10_1.jpg","url":"https:\/\/www.garama.cz\/wp-content\/uploads\/tttt_10_1.jpg","height":0,"width":0},"url":"https:\/\/www.garama.cz\/nechcete-byt-zapomenuti\/","about":["Nakupov\u00e1n\u00ed"],"wordCount":405,"articleBody":"       U\u017e si ani nevzpomenu, kolik lid\u00ed a instituc\u00ed mi n\u011bkdy b\u011bhem m\u00e9ho \u017eivota dalo sv\u00e9 telefonn\u00ed \u010d\u00edslo. V\u00edm jenom, \u017ee jich bylo docela dost. A co se postupem \u010dasu stalo? L\u00edstek s takov\u00fdm zapsan\u00fdm \u010d\u00edslem n\u011bkam zapadl nebo vybledl natolik, \u017ee u\u017e nebyl k p\u0159e\u010dten\u00ed, mobil selhal a spolu s t\u00edm se tedy ztratila i v\u0161echna v n\u011bm ulo\u017een\u00e1 \u010d\u00edsla\u2026 A tak jsem p\u0159i\u0161el o celou \u0159adu kontakt\u016f.N\u011bkdy podobn\u00e1 ztr\u00e1ta nevadila a nevad\u00ed. Byly firmy, se kter\u00fdmi jsem m\u011bl pouze jednor\u00e1zov\u011b nebo kr\u00e1tkodob\u011b n\u011bco do \u010din\u011bn\u00ed a pak u\u017e nebyla, nen\u00ed a nebude pot\u0159eba je kontaktovat, p\u0159\u00edpadn\u011b u\u017e zanikly nebo sv\u00e9 \u010d\u00edslo zm\u011bnily. A i jednotlivci n\u011bkdy zmizeli z m\u00e9ho \u017eivota a stali se postradateln\u00fdmi a zapomenut\u00fdmi.Ale jsou tu i lid\u00e9, firmy a instituce, na kter\u00e9 st\u00e1le pot\u0159ebuji kontakt m\u00edt. S t\u011bmi mus\u00edm b\u00fdt ve spojen\u00ed. A tak je z\u00e1hodno, abych zrovna jejich telefonn\u00ed \u010d\u00edsla neztratil ani nezapomn\u011bl. Jen\u017ee zn\u00e1te to. Ka\u017ed\u00e9 telefonn\u00ed \u010d\u00edslo je kombinac\u00ed dev\u00edti \u010d\u00edslic, plus ta ciz\u00ed maj\u00ed i p\u00e1r \u010d\u00edslic p\u0159edvolby nav\u00edc, a takov\u00e9 \u0161\u00edlen\u00e9 kombinace si \u010dlov\u011bk ve v\u011bt\u0161\u00edm mno\u017estv\u00ed sotva zapamatuje. A sta\u010d\u00ed popl\u00e9st jednu jedinou z takov\u00fdch \u010d\u00edslic a nedovol\u00e1me se.A tak jsem p\u0159i\u0161el o nejeden d\u0159\u00edve d\u016fle\u017eit\u00fd telefonn\u00ed kontakt. A jsem si jist, \u017ee je naopak i dost lid\u00ed, kte\u0159\u00ed zapomn\u011bli moje \u010d\u00edslo. Proto\u017ee i j\u00e1 m\u00e1m takov\u00e9, kter\u00e9 se t\u011b\u017eko pamatuje a snadno zapom\u00edn\u00e1. U mne je to vlastn\u011b je\u0161t\u011b docela jedno. Kdy\u017e mne n\u011bkdo zapomene, v\u00ed, jak mne lze kontaktovat jinak, a kdy\u017e n\u011bkomu sejdu z o\u010d\u00ed a mysli, sv\u011bt se tak\u00e9 nezbo\u0159\u00ed. Ale jsou tu i ti, kdo jsou opravdu d\u016fle\u017eit\u00ed. A ti by m\u011bli vyu\u017e\u00edt zlat\u00e1 \u010d\u00edsla https:\/\/www.vipcisla.cz\/ a sehnat si takov\u00e9 \u010d\u00edslo, kter\u00e9 se jim nejv\u00edc l\u00edb\u00ed a kter\u00e9 se tak\u00e9 dob\u0159e pamatuje. Proto\u017ee to je z\u00e1ruka, \u017ee na takov\u00e9 lidi nezapomenou ti, kdo jsou pro n\u011b skute\u010dn\u011b hodn\u011b d\u016fle\u017eit\u00ed. A tak\u00e9 je pravd\u011bpodobn\u011bj\u0161\u00ed, \u017ee ani oni sami nezapomenou sv\u00e9 vlastn\u00ed \u010d\u00edslo.                                                                                                                                                                                                                                                                                                                                                                                          4.8\/5 - (6 votes)        "},{"@context":"https:\/\/schema.org\/","@type":"BreadcrumbList","itemListElement":[{"@type":"ListItem","position":1,"name":"Nechcete b\u00fdt zapomenuti?","item":"https:\/\/www.garama.cz\/nechcete-byt-zapomenuti\/#breadcrumbitem"}]}]