[{"@context":"https:\/\/schema.org\/","@type":"Article","@id":"https:\/\/www.garama.cz\/nase-auticko\/#Article","mainEntityOfPage":"https:\/\/www.garama.cz\/nase-auticko\/","headline":"Na\u0161e aut\u00ed\u010dko","name":"Na\u0161e aut\u00ed\u010dko","description":"Ten, kdo m\u00e1 naftov\u00fd motor tak se jist\u011b setkal s pot\u00ed\u017eemi, kter\u00e9 zp\u016fsobuje DPF filtr. Pro ty ostatn\u00ed, je to filtr na pevn\u00e9 \u010d\u00e1stice, kter\u00e9 m\u00e1 zachytit a t\u00edm pr\u00fd zachr\u00e1nit tuhle planetu od ned\u00fdchateln\u00e9ho vzduchu. Sm\u011b\u0161n\u00e9, ale rozeb\u00edrat to [&hellip;]","datePublished":"2025-08-05","dateModified":"2025-08-05","author":{"@type":"Person","@id":"https:\/\/www.garama.cz\/author\/#Person","name":"","url":"https:\/\/www.garama.cz\/author\/","identifier":1,"image":{"@type":"ImageObject","@id":"https:\/\/secure.gravatar.com\/avatar\/fb50772173929303fbe6024f179e4dd9837c71f6efc661bdb046860d442d05b5?s=96&d=mm&r=g","url":"https:\/\/secure.gravatar.com\/avatar\/fb50772173929303fbe6024f179e4dd9837c71f6efc661bdb046860d442d05b5?s=96&d=mm&r=g","height":96,"width":96}},"publisher":{"@type":"Organization","name":"garama.cz","logo":{"@type":"ImageObject","@id":"\/logo.png","url":"\/logo.png","width":600,"height":60}},"image":{"@type":"ImageObject","@id":"https:\/\/www.garama.cz\/wp-content\/uploads\/car-5713998_640.jpg","url":"https:\/\/www.garama.cz\/wp-content\/uploads\/car-5713998_640.jpg","height":0,"width":0},"url":"https:\/\/www.garama.cz\/nase-auticko\/","about":["Spole\u010dnosti"],"wordCount":434,"articleBody":"         Ten, kdo m\u00e1 naftov\u00fd motor tak se jist\u011b setkal s pot\u00ed\u017eemi, kter\u00e9 zp\u016fsobuje DPF filtr. Pro ty ostatn\u00ed, je to filtr na pevn\u00e9 \u010d\u00e1stice, kter\u00e9 m\u00e1 zachytit a t\u00edm pr\u00fd zachr\u00e1nit tuhle planetu od ned\u00fdchateln\u00e9ho vzduchu. Sm\u011b\u0161n\u00e9, ale rozeb\u00edrat to rozhodn\u011b nebudeme. Nu\u017ee, tento filtr nen\u00ed samoz\u0159ejm\u011b s\u00e1m, co d\u011bl\u00e1 neplechu, je to takov\u00fd skoro uzav\u0159en\u00fd syst\u00e9m, kter\u00fd m\u00e1 hodn\u011b spole\u010dn\u00e9ho s po\u010d\u00edta\u010dem, kter\u00fd to v\u0161echno \u0159\u00edd\u00ed a vel\u00ed tomu. Nu a ob\u010das, skoro neust\u00e1le doch\u00e1z\u00ed k pot\u00ed\u017e\u00edm mezi n\u00edm a dal\u0161\u00ed jednotkou, tak\u017ee po\u010d\u00edta\u010d h\u00e1z\u00ed prapodivn\u00e9 hl\u00e1\u0161ky a majitel vozu se chyt\u00e1 za hlavu, co\u017ee se to v \u00fatrob\u00e1ch jeho plechov\u00e9ho mil\u00e1\u010dka odehr\u00e1v\u00e1.J\u00edzda ji\u017e nen\u00ed d\u00e1vno tak plynul\u00e1, jako byla kdysi a motor se ob\u010das jakoby zasek\u00e1v\u00e1 a v\u016fbec ned\u011bl\u00e1 svou pr\u00e1ci optim\u00e1ln\u011b. Kdy\u017e se pak na benzince berou pohonn\u00e9 hmoty, je nutno jich zase na\u010derpat v\u00edce ne\u017e tomu bylo kdysi p\u0159ed n\u011bkolika m\u011bs\u00edci. Tak\u017ee jsou to dal\u0161\u00ed pen\u00edze, dle m\u00edn\u011bn\u00ed \u0159idi\u010de, vyhozen\u00e9 do luftu. Jist\u011b v\u011b\u0159\u00edte, \u017ee to na\u0161tve skoro ka\u017ed\u00e9ho, a proto se za\u010dne zaj\u00edmat o to, na kolik korun by ho p\u0159i\u0161lo vy\u0159azen\u00ed toho proklet\u00e9ho DPF. Na to v\u0161ak nen\u00ed zase tak jednoduch\u00e1 odpov\u011b\u010f. Na p\u0159esn\u00e9 sum\u011b z\u00e1vis\u00ed typ vozu a spousta dal\u0161\u00edch v\u011bc\u00ed. Lze jen s ur\u010ditost\u00ed prohl\u00e1sit, \u017ee to bude rozhodn\u011b o moc m\u00e9n\u011b, ne\u017e by \u010dlov\u011bk projezdil jen kv\u016fli tomu, \u017ee to cel\u00e9 nepracuje, jak m\u00e1. DPF off cena https:\/\/www.profi-chiptuning.cz\/nase-sluzby-chiptuningu\/117-vypnuti-dpf-fap se tak stanov\u00ed v\u011bt\u0161inou a\u017e p\u0159i p\u0159\u00edjezdu do servisu, ale d\u00e1 se po\u010d\u00edtat s \u010d\u00e1rkou kolem p\u011bti tis\u00edc korun plus m\u00ednus n\u011bjak\u00e1 ta stokoruna. Zcela ur\u010dit\u011b to stoj\u00ed za ten po\u017eitek z j\u00edzdy potom. Nen\u00ed proto dobr\u00e9 to odkl\u00e1dat, tato chyba v\u00e1m \u017eere va\u0161e pen\u00edze a vy na ni d\u011bl\u00e1te. Proto nev\u00e1hejte s objedn\u00e1vkou term\u00ednu a \u010d\u00edm rychleji to ud\u011bl\u00e1te t\u00edm l\u00e9pe. Klikn\u011bte na odkaz o kousek v\u00fd\u0161e v \u010dl\u00e1nku, a to v\u00e1s p\u0159evede na jin\u00e9 webov\u00e9 str\u00e1nky. Zde naleznete dole objedn\u00e1vkov\u00fd list, kter\u00fd vypln\u00edte a d\u00e1te odeslat. Zbytek u\u017e bude na nejbli\u017e\u0161\u00edm servisu.                                                                                                                                                                                                                                                                                                                                                                                                   "},{"@context":"https:\/\/schema.org\/","@type":"BreadcrumbList","itemListElement":[{"@type":"ListItem","position":1,"name":"Na\u0161e aut\u00ed\u010dko","item":"https:\/\/www.garama.cz\/nase-auticko\/#breadcrumbitem"}]}]