[{"@context":"https:\/\/schema.org\/","@type":"Article","@id":"https:\/\/www.garama.cz\/moje-dite-nezlobi-je-nemocne\/#Article","mainEntityOfPage":"https:\/\/www.garama.cz\/moje-dite-nezlobi-je-nemocne\/","headline":"Moje d\u00edt\u011b nezlob\u00ed, je nemocn\u00e9","name":"Moje d\u00edt\u011b nezlob\u00ed, je nemocn\u00e9","description":"\u017d\u00e1dn\u00fd rodi\u010d si nechce p\u0159ipustit mo\u017enost, \u017ee by jeho d\u00edt\u011b m\u011blo b\u00fdt n\u011bjak\u00fdm negativn\u00edm zp\u016fsobem odli\u0161n\u00e9 od t\u011bch ostatn\u00edch. O to v\u011bt\u0161\u00edm \u0161okem je zji\u0161t\u011bn\u00ed, pokud k n\u011b\u010demu takov\u00e9mu skute\u010dn\u011b do\u0161lo. N\u011bkter\u00e9 odchylky se ale daj\u00ed s velkou d\u00e1vkou oboustrann\u00e9 [&hellip;]","datePublished":"2018-01-03","dateModified":"2018-01-03","author":{"@type":"Person","@id":"https:\/\/www.garama.cz\/author\/#Person","name":"","url":"https:\/\/www.garama.cz\/author\/","identifier":1,"image":{"@type":"ImageObject","@id":"https:\/\/secure.gravatar.com\/avatar\/fb50772173929303fbe6024f179e4dd9837c71f6efc661bdb046860d442d05b5?s=96&d=mm&r=g","url":"https:\/\/secure.gravatar.com\/avatar\/fb50772173929303fbe6024f179e4dd9837c71f6efc661bdb046860d442d05b5?s=96&d=mm&r=g","height":96,"width":96}},"publisher":{"@type":"Organization","name":"garama.cz","logo":{"@type":"ImageObject","@id":"\/logo.png","url":"\/logo.png","width":600,"height":60}},"image":{"@type":"ImageObject","@id":"https:\/\/www.garama.cz\/wp-content\/uploads\/img_a309261_w2286_t1520238599.jpg","url":"https:\/\/www.garama.cz\/wp-content\/uploads\/img_a309261_w2286_t1520238599.jpg","height":0,"width":0},"url":"https:\/\/www.garama.cz\/moje-dite-nezlobi-je-nemocne\/","about":["Z\u00e1bava"],"wordCount":398,"articleBody":"\u017d\u00e1dn\u00fd rodi\u010d si nechce p\u0159ipustit mo\u017enost, \u017ee by jeho d\u00edt\u011b m\u011blo b\u00fdt n\u011bjak\u00fdm negativn\u00edm zp\u016fsobem odli\u0161n\u00e9 od t\u011bch ostatn\u00edch. O to v\u011bt\u0161\u00edm \u0161okem je zji\u0161t\u011bn\u00ed, pokud k n\u011b\u010demu takov\u00e9mu skute\u010dn\u011b do\u0161lo. N\u011bkter\u00e9 odchylky se ale daj\u00ed s velkou d\u00e1vkou oboustrann\u00e9 trp\u011blivosti a dostatkem informac\u00ed docela dob\u0159e zvl\u00e1dnout. A pokud bychom k tomu p\u0159ipo\u010detli i pochopen\u00ed a podporu okol\u00ed, pak u\u017e by nem\u011bl nastat v\u011bt\u0161\u00ed probl\u00e9m.  Jestli\u017ee se v\u00e1m narod\u00ed d\u00edt\u011b, kter\u00e9 bude trvale upout\u00e1no na invalidn\u00ed voz\u00edk, pak jist\u011b okol\u00ed hned pozn\u00e1, kde p\u0159\u00edroda ud\u011blala chybu a v\u0161e budou ch\u00e1pat. Jak ale vysv\u011btlit lidem ve sv\u00e9m okol\u00ed, \u017ee to moje d\u00edt\u011b z\u00e1m\u011brn\u011b nezlob\u00ed a j\u00e1 nejsem neschopn\u00fd rodi\u010d, kter\u00fd ho neum\u00ed zvl\u00e1dnout? \u017de je prost\u011b nemocn\u00e9.  Pomalu se u\u017e mezi laickou ve\u0159ejnost dost\u00e1vaj\u00ed informace o chov\u00e1n\u00ed d\u011bt\u00ed, kter\u00e9 trp\u00ed autismem. Jen m\u00e1lo jich ale v\u00ed, \u017ee existuj\u00ed dal\u0161\u00ed zm\u011bny v mozku, kter\u00e9 mohou vyvol\u00e1vat dal\u0161\u00ed ne\u017e\u00e1douc\u00ed projevy. Jednou takovou nemoc\u00ed je Asperger\u016fv syndrom. A pr\u00e1v\u011b tady jsou velk\u00e9 nedostatky, proto\u017ee lid\u00e9 u nemoci, kter\u00e1 se pr\u00e1v\u011b naz\u00fdv\u00e1 asperger\u016fv syndrom p\u0159\u00edznaky neznaj\u00ed. Prvn\u00ed projevy p\u0159ich\u00e1zej\u00ed brzy Vn\u00edmav\u00ed rodi\u010de poznaj\u00ed u\u017e v \u00fatl\u00e9m d\u011btstv\u00ed, \u017ee jejich d\u00edt\u011b nen\u00ed jako ty ostatn\u00ed. Nebo maj\u00ed alespo\u0148 n\u011bjak\u00e9 pochybnosti. Prvn\u00edm projevem m\u016f\u017ee b\u00fdt to, \u017ee se jejich potomek stran\u00ed ostatn\u00edch d\u011bt\u00ed. Dokonce toto chov\u00e1n\u00ed m\u016f\u017ee p\u016fsobit dojmem, \u017ee se jich d\u00edt\u011b p\u0159\u00edmo boj\u00ed.  Probl\u00e9mem je i osvojov\u00e1n\u00ed z\u00e1kladn\u00edch soci\u00e1ln\u00edch pravidel a zvl\u00e1dnut\u00ed jemn\u011bj\u0161\u00ed motoriky. Jejich inteligence ale rozhodn\u011b nen\u00ed sn\u00ed\u017eena. V n\u011bkter\u00fdch p\u0159\u00edpadech je tomu pr\u00e1v\u011b naopak. Dok\u00e1\u017e\u00ed se ale v\u011bt\u0161inou soust\u0159edit pouze na jedno t\u00e9ma sv\u00e9ho z\u00e1jmu nebo jeden druh v\u011bc\u00ed. O tom dok\u00e1\u017e\u00ed hovo\u0159it neskute\u010dn\u011b dlouhou dobu. N\u011bkter\u00e9 d\u011bti upozorn\u00ed na svou odli\u0161nost tak\u00e9 t\u00edm, \u017ee neust\u00e1le pozoruj\u00ed lidi ve sv\u00e9m okol\u00ed a pak reprodukuj\u00ed jejich rozhovory s p\u0159ekvapuj\u00edc\u00ed p\u0159esnost\u00ed.                                                                                                                                                                                                                                                                                                                                                                                          4.4\/5 - (11 votes)        "},{"@context":"https:\/\/schema.org\/","@type":"BreadcrumbList","itemListElement":[{"@type":"ListItem","position":1,"name":"Moje d\u00edt\u011b nezlob\u00ed, je nemocn\u00e9","item":"https:\/\/www.garama.cz\/moje-dite-nezlobi-je-nemocne\/#breadcrumbitem"}]}]