[{"@context":"https:\/\/schema.org\/","@type":"Article","@id":"https:\/\/www.garama.cz\/mekouckou-bavlnu-ocenite-i-ve-spanku\/#Article","mainEntityOfPage":"https:\/\/www.garama.cz\/mekouckou-bavlnu-ocenite-i-ve-spanku\/","headline":"M\u011bkou\u010dkou bavlnu ocen\u00edte i ve sp\u00e1nku","name":"M\u011bkou\u010dkou bavlnu ocen\u00edte i ve sp\u00e1nku","description":"Bavln\u011bn\u00e9 povle\u010den\u00ed je tradi\u010dn\u00ed osv\u011bd\u010denou volbou, pokud si chcete dop\u0159\u00e1t na dotek p\u0159\u00edjemn\u00fd materi\u00e1l, kter\u00fd se snadno udr\u017euje, dob\u0159e dr\u017e\u00ed barevnost i tvar a je stoprocentn\u011b hypoalergenn\u00ed. V na\u0161\u00ed nab\u00eddce najdete jen produkty v PREMIUM kvalit\u011b, kdy je pou\u017eit\u00e1 nit [&hellip;]","datePublished":"2024-10-28","dateModified":"2024-10-28","author":{"@type":"Person","@id":"https:\/\/www.garama.cz\/author\/#Person","name":"","url":"https:\/\/www.garama.cz\/author\/","identifier":1,"image":{"@type":"ImageObject","@id":"https:\/\/secure.gravatar.com\/avatar\/fb50772173929303fbe6024f179e4dd9837c71f6efc661bdb046860d442d05b5?s=96&d=mm&r=g","url":"https:\/\/secure.gravatar.com\/avatar\/fb50772173929303fbe6024f179e4dd9837c71f6efc661bdb046860d442d05b5?s=96&d=mm&r=g","height":96,"width":96}},"publisher":{"@type":"Organization","name":"garama.cz","logo":{"@type":"ImageObject","@id":"\/logo.png","url":"\/logo.png","width":600,"height":60}},"url":"https:\/\/www.garama.cz\/mekouckou-bavlnu-ocenite-i-ve-spanku\/","wordCount":227,"articleBody":"Bavln\u011bn\u00e9 povle\u010den\u00ed je tradi\u010dn\u00ed osv\u011bd\u010denou volbou, pokud si chcete dop\u0159\u00e1t na dotek p\u0159\u00edjemn\u00fd materi\u00e1l, kter\u00fd se snadno udr\u017euje, dob\u0159e dr\u017e\u00ed barevnost i tvar a je stoprocentn\u011b hypoalergenn\u00ed. V na\u0161\u00ed nab\u00eddce najdete jen produkty v PREMIUM kvalit\u011b, kdy je pou\u017eit\u00e1 nit sice slab\u0161\u00ed, zato je velmi hust\u011b tkan\u00e1, \u010d\u00edm\u017e vznik\u00e1 jedine\u010dn\u00fd m\u011bkk\u00e1, av\u0161ak pevn\u00e1 l\u00e1tka s vynikaj\u00edc\u00edmi vlastnostmi. Uvid\u00edte sami, na p\u0159\u00e1n\u00ed V\u00e1m za\u0161leme vzorek l\u00e1tky!Mnoho v\u00fdhod sv\u011bd\u010d\u00ed o kvalit\u011bDod\u00e1v\u00e1me povle\u010den\u00ed v n\u011bkolika rozm\u011brech pro deku, a sice klasick\u00fdch 140 cm na 200 cm, prodlou\u017eenou verzi v podob\u011b 140 cm na 220 cm, v n\u011bm\u017e nebude zima ani t\u011bm nejdel\u0161\u00edm noh\u00e1m, a nakonec francouzskou verzi pro dva v rozm\u011brech 200 cm na 220 cm. Na zipy poskytujeme neomezenou z\u00e1ruku, ka\u017ed\u00e9 balen\u00ed obsahuje krom\u011b pe\u0159iny i pol\u0161t\u00e1\u0159 v rozm\u011brech 70 cm na 90 cm, v p\u0159\u00edpad\u011b francouzsk\u00e9 deky samoz\u0159ejm\u011b ve dvou kusech. Vyb\u00edrat m\u016f\u017eete z mnoha barev s r\u016fzn\u00fdmi vzory, prohl\u00e9dn\u011bte si i vesel\u00e9 d\u011btsk\u00e9 motivy z na\u0161\u00ed nab\u00eddky. Dokonale slad\u00edte svou postel s celkov\u00fdm vzhledem sv\u00e9 lo\u017enice. Bude se V\u00e1m sp\u00e1t jako na obl\u00e1\u010dku.                                                                                                                                                                                                                                                                                                                                                                                        3.7\/5 - (3 votes)        "},{"@context":"https:\/\/schema.org\/","@type":"BreadcrumbList","itemListElement":[{"@type":"ListItem","position":1,"name":"M\u011bkou\u010dkou bavlnu ocen\u00edte i ve sp\u00e1nku","item":"https:\/\/www.garama.cz\/mekouckou-bavlnu-ocenite-i-ve-spanku\/#breadcrumbitem"}]}]