[{"@context":"https:\/\/schema.org\/","@type":"Article","@id":"https:\/\/www.garama.cz\/mame-talentovane-mlade-reprezentanty\/#Article","mainEntityOfPage":"https:\/\/www.garama.cz\/mame-talentovane-mlade-reprezentanty\/","headline":"M\u00e1me talentovan\u00e9 mlad\u00e9 reprezentanty","name":"M\u00e1me talentovan\u00e9 mlad\u00e9 reprezentanty","description":"Zn\u00e1te u\u017e Ji\u0159\u00edho Vesel\u00e9ho nebo Adama Pavl\u00e1ska? Jsou to na\u0161i mlad\u00ed hr\u00e1\u010di. Ji\u0159\u00ed Vesel\u00fd ji\u017e pronikl do na\u0161eho dru\u017estva pro Davis\u016fv poh\u00e1r. Adam Pavl\u00e1sek hr\u00e1l ned\u00e1vno s Luci\u00ed \u0160af\u00e1\u0159ovou v australsk\u00e9m Perthu a v\u016fbec si nevedli \u0161patn\u011b. I p\u0159es sv\u00e9 [&hellip;]","datePublished":"2024-12-02","dateModified":"2024-12-02","author":{"@type":"Person","@id":"https:\/\/www.garama.cz\/author\/#Person","name":"","url":"https:\/\/www.garama.cz\/author\/","identifier":1,"image":{"@type":"ImageObject","@id":"https:\/\/secure.gravatar.com\/avatar\/fb50772173929303fbe6024f179e4dd9837c71f6efc661bdb046860d442d05b5?s=96&d=mm&r=g","url":"https:\/\/secure.gravatar.com\/avatar\/fb50772173929303fbe6024f179e4dd9837c71f6efc661bdb046860d442d05b5?s=96&d=mm&r=g","height":96,"width":96}},"publisher":{"@type":"Organization","name":"garama.cz","logo":{"@type":"ImageObject","@id":"\/logo.png","url":"\/logo.png","width":600,"height":60}},"url":"https:\/\/www.garama.cz\/mame-talentovane-mlade-reprezentanty\/","wordCount":186,"articleBody":"Zn\u00e1te u\u017e Ji\u0159\u00edho Vesel\u00e9ho nebo Adama Pavl\u00e1ska? Jsou to na\u0161i mlad\u00ed hr\u00e1\u010di. Ji\u0159\u00ed Vesel\u00fd ji\u017e pronikl do na\u0161eho dru\u017estva pro Davis\u016fv poh\u00e1r. Adam Pavl\u00e1sek hr\u00e1l ned\u00e1vno s Luci\u00ed \u0160af\u00e1\u0159ovou v australsk\u00e9m Perthu a v\u016fbec si nevedli \u0161patn\u011b. I p\u0159es sv\u00e9 ml\u00e1d\u00ed si poradil s mnohem zku\u0161en\u011bj\u0161\u00edmi. Oba maj\u00ed p\u0159ed sebou skv\u011blou budoucnost. N\u00e1\u0161 tenis on line budeme pravideln\u011b sledovat. T\u011b\u0161\u00edme se na sout\u011b\u017ee obou dru\u017estev Jsme mimo\u0159\u00e1dn\u011b \u00fasp\u011b\u0161n\u00ed v obou sout\u011b\u017e\u00edch t\u00fdm\u016f. O n\u011bco l\u00e9pe si vedou na\u0161e \u017eeny. Vloni zv\u00edt\u011bzily. Do\u010dk\u00e1me se i tentokr\u00e1t takov\u00e9ho v\u00fdsledku? Na\u0161e Petra Kvitov\u00e1 i Lucie \u0160af\u00e1\u0159ov\u00e1 jsou ji\u017e velmi zku\u0161en\u00e9 a v\u011bd\u00ed, jak na soupe\u0159ky. Ur\u010dit\u011b budou bojovat ze v\u0161ech sil. Uk\u00e1\u017e\u00ed n\u00e1m, \u017ee jim na dobr\u00fdch v\u00fdsledc\u00edch skute\u010dn\u011b z\u00e1le\u017e\u00ed. P\u0159ijdeme je podpo\u0159it. N\u00e1\u0161 tenis on line je tu pro v\u00e1s.                                                                                                                                                                                                                                                                                                                                                                                        5\/5 - (2 votes)        "},{"@context":"https:\/\/schema.org\/","@type":"BreadcrumbList","itemListElement":[{"@type":"ListItem","position":1,"name":"M\u00e1me talentovan\u00e9 mlad\u00e9 reprezentanty","item":"https:\/\/www.garama.cz\/mame-talentovane-mlade-reprezentanty\/#breadcrumbitem"}]}]