[{"@context":"https:\/\/schema.org\/","@type":"Article","@id":"https:\/\/www.garama.cz\/leseni-vam-muze-postavit-jeho-pronajimatel\/#Article","mainEntityOfPage":"https:\/\/www.garama.cz\/leseni-vam-muze-postavit-jeho-pronajimatel\/","headline":"Le\u0161en\u00ed v\u00e1m m\u016f\u017ee postavit jeho pronaj\u00edmatel","name":"Le\u0161en\u00ed v\u00e1m m\u016f\u017ee postavit jeho pronaj\u00edmatel","description":"Pronaj\u00edm\u00e1te si le\u0161en\u00ed na stavbu a chcete, aby se pronaj\u00edmatel postaral i o dopravu a mont\u00e1\u017e? Nikdy jste le\u0161en\u00ed nestav\u011bli a pot\u0159ebujete jej nyn\u00ed pouze pro jednor\u00e1zovou akci, nap\u0159\u00edklad pro zateplov\u00e1n\u00ed fas\u00e1dy bytov\u00e9ho domu? Co je na v\u00fdstavb\u011b le\u0161en\u00ed tak [&hellip;]","datePublished":"2025-05-01","dateModified":"2025-05-01","author":{"@type":"Person","@id":"https:\/\/www.garama.cz\/author\/#Person","name":"","url":"https:\/\/www.garama.cz\/author\/","identifier":1,"image":{"@type":"ImageObject","@id":"https:\/\/secure.gravatar.com\/avatar\/fb50772173929303fbe6024f179e4dd9837c71f6efc661bdb046860d442d05b5?s=96&d=mm&r=g","url":"https:\/\/secure.gravatar.com\/avatar\/fb50772173929303fbe6024f179e4dd9837c71f6efc661bdb046860d442d05b5?s=96&d=mm&r=g","height":96,"width":96}},"publisher":{"@type":"Organization","name":"garama.cz","logo":{"@type":"ImageObject","@id":"\/logo.png","url":"\/logo.png","width":600,"height":60}},"image":{"@type":"ImageObject","@id":"https:\/\/www.garama.cz\/wp-content\/uploads\/framework-2710841_640_10_10_3.jpg","url":"https:\/\/www.garama.cz\/wp-content\/uploads\/framework-2710841_640_10_10_3.jpg","height":0,"width":0},"url":"https:\/\/www.garama.cz\/leseni-vam-muze-postavit-jeho-pronajimatel\/","about":["Spole\u010dnosti"],"wordCount":431,"articleBody":"       Pronaj\u00edm\u00e1te si le\u0161en\u00ed na stavbu a chcete, aby se pronaj\u00edmatel postaral i o dopravu a mont\u00e1\u017e? Nikdy jste le\u0161en\u00ed nestav\u011bli a pot\u0159ebujete jej nyn\u00ed pouze pro jednor\u00e1zovou akci, nap\u0159\u00edklad pro zateplov\u00e1n\u00ed fas\u00e1dy bytov\u00e9ho domu? Co je na v\u00fdstavb\u011b le\u0161en\u00ed tak zapeklit\u00e9ho? Nerovn\u00fd a nestabiln\u00ed ter\u00e9n \u2013 le\u0161en\u00ed by se m\u011blo za\u010d\u00edt stav\u011bt na rovn\u00e9 a dob\u0159e zabezpe\u010den\u00e9, stabiln\u00ed pevn\u00e9 plo\u0161e. Velkou chybou by bylo vzty\u010dit konstrukci na p\u00edsku, na rozm\u00e1\u010den\u00e9 a rozbahn\u011bn\u00e9 p\u016fd\u011b, na ter\u00e9nu, jen\u017e m\u00e1 tendenci k sesuv\u016fm, a na \u0161ikm\u00e9 plo\u0161e, kterou nevhodn\u011b vypodlo\u017e\u00edte nap\u0159\u00edklad cihlami nebo d\u0159ev\u011bn\u00fdmi hranoly. Ve sva\u017eit\u00e9m a nestabiln\u00edm ter\u00e9nu vy\u017eaduje mont\u00e1\u017e le\u0161en\u00ed ur\u010dit\u00e9 zku\u0161enosti a hlavn\u011b zdrav\u00fd selsk\u00fd rozum, kter\u00fd v\u00e1m napov\u00ed, jak zvl\u00e1dnout to z\u00e1kladn\u00ed \u2013 zpevn\u011bn\u00ed ter\u00e9nu pro stabilitu cel\u00e9 konstrukce.Mont\u00e1\u017e le\u0161en\u00ed \u2013 p\u0159i mont\u00e1\u017ei le\u0161en\u00ed z pron\u00e1jmu le\u0161en\u00ed dle cen\u00edku rabasleseni.cz se n\u011bkdy pracovn\u00edci pohybuj\u00ed ve zna\u010dn\u00fdch v\u00fd\u0161k\u00e1ch a tehdy sta\u010d\u00ed jen drobn\u00e9 zav\u00e1h\u00e1n\u00ed a p\u00e1d m\u016f\u017ee b\u00fdt smrt\u00edc\u00ed. Zde je d\u016fle\u017eit\u00e9 db\u00e1t na bezpe\u010dnostn\u00ed p\u0159edpisy, nap\u0159\u00edklad zajistit kurtov\u00e1n\u00ed pracovn\u00edka tak, aby byl p\u0159ed p\u00e1dem ji\u0161t\u011bn z\u00e1chrann\u00fdm pasem a lanem. Velmi nebezpe\u010dn\u00e9 situace vznikaj\u00ed ve chv\u00edli, kdy se vzty\u010d\u00ed na le\u0161en\u00ed dal\u0161\u00ed pochoz\u00ed patro a je t\u0159eba na n\u011bj nejprve vyl\u00e9zt, aby bylo mo\u017eno desku zajistit ochrann\u00fdm z\u00e1bradl\u00edm. Mo\u017en\u00e1 jste tak\u00e9 pozorovali n\u011bkoho, kdo stav\u011bl le\u0161en\u00ed, p\u0159ikurtov\u00e1n nebyl a vesele se promen\u00e1doval po horn\u00ed desce nezaji\u0161t\u011bn\u00e9 z\u00e1bradl\u00edm. Takov\u00e9to nezodpov\u011bdn\u00e9 riziko hrani\u010d\u00ed s p\u00e1dem a t\u011bch je bohu\u017eel p\u0159i pr\u00e1ci na le\u0161en\u00ed velmi mnoho \u2013 je jich pln\u00fd Internet.Kotven\u00ed le\u0161en\u00ed &#8211; le\u0161en\u00ed se tak\u00e9 mus\u00ed ukotvit, jinak hroz\u00ed jeho z\u0159\u00edcen\u00ed, a to pak m\u016f\u017ee zp\u016fsobit i velkou trag\u00e9dii. Ke z\u0159\u00edcen\u00ed le\u0161en\u00ed ji\u017e v minulosti do\u0161lo, v Praze Nusl\u00edch v Otakarov\u011b ulici za siln\u00e9ho v\u011btru to prob\u011bhlo za b\u00edl\u00e9ho dne. Na\u0161t\u011bst\u00ed n\u011bkdo ozn\u00e1mil na policii podez\u0159en\u00ed na nestabiln\u00ed konstrukci pom\u011brn\u011b v\u010das, tak se poda\u0159ilo tamn\u00ed prostor uzav\u0159\u00edt.                                                                                                                                                                                                                                                                                                                                                                                          3.7\/5 - (6 votes)        "},{"@context":"https:\/\/schema.org\/","@type":"BreadcrumbList","itemListElement":[{"@type":"ListItem","position":1,"name":"Le\u0161en\u00ed v\u00e1m m\u016f\u017ee postavit jeho pronaj\u00edmatel","item":"https:\/\/www.garama.cz\/leseni-vam-muze-postavit-jeho-pronajimatel\/#breadcrumbitem"}]}]