[{"@context":"https:\/\/schema.org\/","@type":"Article","@id":"https:\/\/www.garama.cz\/kdyz-velkoobchod-tak-se-vsim-vsudy\/#Article","mainEntityOfPage":"https:\/\/www.garama.cz\/kdyz-velkoobchod-tak-se-vsim-vsudy\/","headline":"Kdy\u017e velkoobchod, tak se v\u0161\u00edm v\u0161udy","name":"Kdy\u017e velkoobchod, tak se v\u0161\u00edm v\u0161udy","description":"Pot\u0159ebujete \u0161irok\u00e9 spektrum zbo\u017e\u00ed, kter\u00e9 by uspokojilo ve\u0161ker\u00e9 va\u0161e pot\u0159eby? Nechcete naopak m\u00edt starosti s v\u00fdb\u011brem zbo\u017e\u00ed, nebo\u0165 nakupovat ve v\u00edce prodejn\u00e1ch v\u00e1m p\u0159ijde vskutku neefektivn\u00ed? Jestli\u017ee si zkr\u00e1tka p\u0159ejete n\u011bjak\u00fd velkoobchod oble\u010den\u00ed, kde byste na\u0161li ve\u0161ker\u00e9 pot\u0159ebn\u00e9 zbo\u017e\u00ed, ur\u010dit\u011b [&hellip;]","datePublished":"2025-04-18","dateModified":"2025-04-18","author":{"@type":"Person","@id":"https:\/\/www.garama.cz\/author\/#Person","name":"","url":"https:\/\/www.garama.cz\/author\/","identifier":1,"image":{"@type":"ImageObject","@id":"https:\/\/secure.gravatar.com\/avatar\/fb50772173929303fbe6024f179e4dd9837c71f6efc661bdb046860d442d05b5?s=96&d=mm&r=g","url":"https:\/\/secure.gravatar.com\/avatar\/fb50772173929303fbe6024f179e4dd9837c71f6efc661bdb046860d442d05b5?s=96&d=mm&r=g","height":96,"width":96}},"publisher":{"@type":"Organization","name":"garama.cz","logo":{"@type":"ImageObject","@id":"\/logo.png","url":"\/logo.png","width":600,"height":60}},"url":"https:\/\/www.garama.cz\/kdyz-velkoobchod-tak-se-vsim-vsudy\/","wordCount":230,"articleBody":" Pot\u0159ebujete \u0161irok\u00e9 spektrum zbo\u017e\u00ed, kter\u00e9 by uspokojilo ve\u0161ker\u00e9 va\u0161e pot\u0159eby? Nechcete naopak m\u00edt starosti s v\u00fdb\u011brem zbo\u017e\u00ed, nebo\u0165 nakupovat ve v\u00edce prodejn\u00e1ch v\u00e1m p\u0159ijde vskutku neefektivn\u00ed? Jestli\u017ee si zkr\u00e1tka p\u0159ejete n\u011bjak\u00fd velkoobchod oble\u010den\u00ed, kde byste na\u0161li ve\u0161ker\u00e9 pot\u0159ebn\u00e9 zbo\u017e\u00ed, ur\u010dit\u011b v\u00e1s zaujme pr\u00e1v\u011b ten jeden. Ten je toti\u017e p\u0159\u00edmo stvo\u0159en pro to, abyste vyu\u017eili jeho potenci\u00e1l naplno. Pr\u00e1v\u011b proto nemus\u00edte m\u00edt ani mal\u00e9 obavy o kvalitu takov\u00e9ho n\u00e1kupu. Vyberete si toti\u017e v\u0161e pot\u0159ebn\u00e9, a to s jistotou spokojenosti. Pro\u010d si tedy neu\u017e\u00edt n\u00e1kupu na m\u00edst\u011b, kter\u00e9 se v\u00e1m sv\u00fdmi vlastnostmi bude nadm\u00edru l\u00edbit? Vyberte si zbo\u017e\u00ed, kter\u00e9 zrovna pot\u0159ebujete Spole\u010dn\u011b s v\u00fdhodn\u00fdm n\u00e1kupem si m\u016f\u017eete po\u0159\u00eddit v\u011bci nesm\u00edrn\u011b kvalitn\u011b. D\u00edky tomu, \u017ee v\u0161e bude poch\u00e1zet tak\u0159ka z prvn\u00ed ruky, budete m\u00edt jistotu, \u017ee v\u00e1mi zakoupen\u00e9 zbo\u017e\u00ed nen\u00ed jakkoliv po\u0161kozen\u00e9 na kvalit\u011b. Nyn\u00ed tedy m\u00e1te m\u00edsto, kde m\u016f\u017eete vyb\u00edrat zbo\u017e\u00ed v\u0161eho mo\u017en\u00e9ho charakteru z oblasti textili\u00ed, a to za skv\u011bl\u00e9 ceny. Ty jsou toti\u017e oproti maloprodejn\u00edm s\u00edt\u00edm opravdu ni\u017e\u0161\u00ed, \u010deho\u017e je chytr\u00e9 vyu\u017e\u00edt.                                                                                                                                                                                                                                                                                                                                                                                                "},{"@context":"https:\/\/schema.org\/","@type":"BreadcrumbList","itemListElement":[{"@type":"ListItem","position":1,"name":"Kdy\u017e velkoobchod, tak se v\u0161\u00edm v\u0161udy","item":"https:\/\/www.garama.cz\/kdyz-velkoobchod-tak-se-vsim-vsudy\/#breadcrumbitem"}]}]