[{"@context":"https:\/\/schema.org\/","@type":"Article","@id":"https:\/\/www.garama.cz\/ekonomicka-situace-2018-v-ceske-republice\/#Article","mainEntityOfPage":"https:\/\/www.garama.cz\/ekonomicka-situace-2018-v-ceske-republice\/","headline":"Ekonomick\u00e1 situace 2018 v \u010cesk\u00e9 republice","name":"Ekonomick\u00e1 situace 2018 v \u010cesk\u00e9 republice","description":"V\u00a0r\u00e1mci posilov\u00e1n\u00ed koruny je progn\u00f3za pro pokles pr\u016fm\u011brn\u00e9 inflace. Sou\u010dasn\u011b by m\u011blo doj\u00edt ke sn\u00ed\u017een\u00ed nezam\u011bstnanosti. P\u0159\u00edzniv\u00e1 je vyhl\u00eddka v\u00a0r\u00e1mci mezd. Nad\u00e1le by m\u011blo z\u016fstat rychlej\u0161\u00ed aktu\u00e1ln\u00ed tempo v\u00a0r\u00e1mci r\u016fstu. Od ledna 2018 se nav\u00fd\u0161ila minim\u00e1ln\u00ed mzda. Vyhl\u00eddka je takov\u00e1, [&hellip;]","datePublished":"2017-12-28","dateModified":"2017-12-28","author":{"@type":"Person","@id":"https:\/\/www.garama.cz\/author\/#Person","name":"","url":"https:\/\/www.garama.cz\/author\/","identifier":1,"image":{"@type":"ImageObject","@id":"https:\/\/secure.gravatar.com\/avatar\/fb50772173929303fbe6024f179e4dd9837c71f6efc661bdb046860d442d05b5?s=96&d=mm&r=g","url":"https:\/\/secure.gravatar.com\/avatar\/fb50772173929303fbe6024f179e4dd9837c71f6efc661bdb046860d442d05b5?s=96&d=mm&r=g","height":96,"width":96}},"publisher":{"@type":"Organization","name":"garama.cz","logo":{"@type":"ImageObject","@id":"\/logo.png","url":"\/logo.png","width":600,"height":60}},"image":{"@type":"ImageObject","@id":"https:\/\/www.garama.cz\/wp-content\/uploads\/img_a308678_w2419_t1519803765.jpg","url":"https:\/\/www.garama.cz\/wp-content\/uploads\/img_a308678_w2419_t1519803765.jpg","height":0,"width":0},"url":"https:\/\/www.garama.cz\/ekonomicka-situace-2018-v-ceske-republice\/","wordCount":561,"articleBody":"V\u00a0r\u00e1mci posilov\u00e1n\u00ed koruny je progn\u00f3za pro pokles pr\u016fm\u011brn\u00e9 inflace. Sou\u010dasn\u011b by m\u011blo doj\u00edt ke sn\u00ed\u017een\u00ed nezam\u011bstnanosti. P\u0159\u00edzniv\u00e1 je vyhl\u00eddka v\u00a0r\u00e1mci mezd. Nad\u00e1le by m\u011blo z\u016fstat rychlej\u0161\u00ed aktu\u00e1ln\u00ed tempo v\u00a0r\u00e1mci r\u016fstu. Od ledna 2018 se nav\u00fd\u0161ila minim\u00e1ln\u00ed mzda. Vyhl\u00eddka je takov\u00e1, \u017ee by ohledn\u011b mezd a plat\u016f m\u011blo doj\u00edt k\u00a0n\u00e1r\u016fstu t\u011bsn\u011b pod hranici osmi procent. Nejen zv\u00fd\u0161en\u00ed minim\u00e1ln\u00ed mzdy, ale i navy\u0161ov\u00e1n\u00ed plat\u016f pro sektory vl\u00e1dn\u00edch instituc\u00ed a z\u00e1rove\u0148 nedostatek pracovn\u00ed s\u00edly.\u00a0Nicm\u00e9n\u011b celkov\u011b v\u0161ak r\u016fst \u010desk\u00e9 ekonomiky v\u00a0leto\u0161n\u00edm roce zpomal\u00ed, nicm\u00e9n\u011b nad\u00e1le z\u016fstane siln\u00fd a nad pr\u016fm\u011brem euroz\u00f3ny i EU. Nad\u00e1le \u010desk\u00e9 hospod\u00e1\u0159stv\u00ed budou su\u017eovat probl\u00e9my ohledn\u011b nedostatk\u016f kvalitn\u00ed pracovn\u00ed s\u00edly. V\u0161ak po velmi dlouh\u00e9m obdob\u00ed se tak stalo, \u017ee na konci lo\u0148sk\u00e9ho roku bylo v\u00a0\u010cesk\u00e9 republice v\u00edce voln\u00fdch m\u00edst ne\u017e pracovn\u00edch sil k\u00a0dispozici.\u00a0Ot\u00e1zka inflace a vy\u0161\u0161\u00edch \u00farok\u016f\u00a0Bude tomu tak jako loni, kdy zvy\u0161ov\u00e1n\u00ed cen bude ovlivn\u011bno rostouc\u00ed dom\u00e1c\u00ed popt\u00e1vkou a mzdovou inflac\u00ed. V\u00a0r\u00e1mci posilov\u00e1n\u00ed koruny tak doch\u00e1z\u00ed ke sn\u00ed\u017een\u00ed cen dov\u00e1\u017een\u00e9ho zbo\u017e\u00ed ze zahrani\u010d\u00ed. Na rok 2018 zn\u00ed progn\u00f3zna ohledn\u011b inflace v\u00a0r\u00e1mci m\u00edrn\u00e9ho poklesu. M\u011bla by se pohybovat pod dv\u011bma procenty. I kdy\u017e je vidina vl\u00e1dy \u00fa\u0159aduj\u00edc\u00ed s\u00a0deficitem, nicm\u00e9n\u011b p\u0159ebytky v\u00a0rozpo\u010dtech kraj\u016f i obc\u00ed by m\u011bly v\u0161ak p\u0159ev\u00e1\u017eit a celkov\u00e9 saldo sektoru by se m\u011blo dostat na v\u00fd\u0161i necel\u00e9ho jednoho procenta hrub\u00e9ho dom\u00e1c\u00edho produktu. Ohledn\u011b zadlu\u017eenosti \u010cesk\u00e9 republiky by m\u011blo pokra\u010dovat v\u00a0m\u00edrn\u00e9 sestupn\u00e9 tendenci.\u00a0Nezam\u011bstnanost a r\u016fst mezd 2018\u00a0Je tomu tak za posledn\u00edch dev\u011bt let, kdy je nejni\u017e\u0161\u00ed m\u00edra nezam\u011bstnosti v\u00a0\u010cesk\u00e9 republice. A vyhl\u00eddky jsou takov\u00e9, \u017ee nad\u00e1le bude doch\u00e1zet ke sni\u017eov\u00e1n\u00ed. T\u00edm roste spot\u0159ebitelsk\u00e1 d\u016fv\u011bra, kter\u00e1 d\u00edky tomu tak vstoupila po sedmi letech do kladn\u00e9ho teritoria.\u00a0I kdy\u017e dle odborn\u00edk\u016f je konstatov\u00e1no, \u017ee nedostatek pracovn\u00ed s\u00edly a kvalifikovan\u00fdch zam\u011bstnanc\u016f m\u016f\u017ee zp\u016fsobit tempo r\u016fstu \u010desk\u00e9 ekonomick\u00e9 situace. \u00dadajn\u011b by m\u011blo doj\u00edt k\u00a0vy\u0161\u0161\u00edmu zm\u00edrn\u011bn\u00ed tempa, ne\u017e se p\u0159edpokl\u00e1dalo.\u00a0D\u00edky tomu tak bude nad\u00e1le vypjat\u011bj\u0161\u00ed situace na trhu pr\u00e1ce. Zam\u011bstnavatel\u00e9 to bude nutit k\u00a0pohnutce navy\u0161ov\u00e1n\u00ed mezd, aby si udr\u017eeli kvalitn\u00ed zam\u011bstnance.\u00a0Ekonomika v\u00a0\u010cR pro rok 2018 &#8211; shrnut\u00ed\u00a0O\u010dek\u00e1v\u00e1 se dluh vl\u00e1dn\u00edho sektoru maj\u00edc\u00ed sestupnou tendenci, na konci roku je p\u0159edpokl\u00e1d\u00e1na pravd\u011bpodobnost okolo 31,3% hrub\u00e9ho dom\u00e1c\u00edho produktu. D\u00edky nar\u016fstaj\u00edc\u00ed a s\u00edl\u00edc\u00ed popt\u00e1vce a mzdov\u00e9 inflaci, se tak bude jednat o kl\u00ed\u010dov\u00e9 faktory v\u00a0r\u00e1mci v\u00fdvoje spot\u0159ebitelsk\u00fdch cen v\u00a0leto\u0161n\u00edm roce. \u010cesk\u00e1 n\u00e1rodn\u00ed banka bude pokra\u010dovat ohledn\u011b navy\u0161ov\u00e1n\u00ed \u00farokov\u00fdch sazeb. Koncem roku bude tak z\u00e1sadn\u00ed repo sazba zhruba na 1,75%.\u00a0                                                                                                                                                                                                                                                                                                                                                                                        5\/5 - (1 vote)        "},{"@context":"https:\/\/schema.org\/","@type":"BreadcrumbList","itemListElement":[{"@type":"ListItem","position":1,"name":"Ekonomick\u00e1 situace 2018 v \u010cesk\u00e9 republice","item":"https:\/\/www.garama.cz\/ekonomicka-situace-2018-v-ceske-republice\/#breadcrumbitem"}]}]