[{"@context":"https:\/\/schema.org\/","@type":"Article","@id":"https:\/\/www.garama.cz\/dotace-na-fotovoltaiku-pro-rodinne-domy-se-tyka-i-zemedelcu-a-farmaru\/#Article","mainEntityOfPage":"https:\/\/www.garama.cz\/dotace-na-fotovoltaiku-pro-rodinne-domy-se-tyka-i-zemedelcu-a-farmaru\/","headline":"Dotace na fotovoltaiku pro rodinn\u00e9 domy se t\u00fdk\u00e1 i zem\u011bd\u011blc\u016f a farm\u00e1\u0159\u016f","name":"Dotace na fotovoltaiku pro rodinn\u00e9 domy se t\u00fdk\u00e1 i zem\u011bd\u011blc\u016f a farm\u00e1\u0159\u016f","description":"M\u00e1te z\u00e1jem o fotovoltaickou elektr\u00e1rnu ve va\u0161em rodinn\u00e9m dom\u011b a r\u00e1di byste vyu\u017eili st\u00e1tn\u00ed dotace Nov\u00e1 zelen\u00e1 \u00faspor\u00e1m, ov\u0161em ob\u00e1v\u00e1te se, \u017ee pr\u00e1v\u011b vy nejste t\u00edm vhodn\u00fdm kandid\u00e1tem pro dota\u010dn\u00ed program? Poj\u010fme si tu shrnout n\u011bkter\u00e9 v\u00fdznamn\u00e9 body, abychom m\u011bli [&hellip;]","datePublished":"2025-06-03","dateModified":"2025-06-03","author":{"@type":"Person","@id":"https:\/\/www.garama.cz\/author\/#Person","name":"","url":"https:\/\/www.garama.cz\/author\/","identifier":1,"image":{"@type":"ImageObject","@id":"https:\/\/secure.gravatar.com\/avatar\/fb50772173929303fbe6024f179e4dd9837c71f6efc661bdb046860d442d05b5?s=96&d=mm&r=g","url":"https:\/\/secure.gravatar.com\/avatar\/fb50772173929303fbe6024f179e4dd9837c71f6efc661bdb046860d442d05b5?s=96&d=mm&r=g","height":96,"width":96}},"publisher":{"@type":"Organization","name":"garama.cz","logo":{"@type":"ImageObject","@id":"\/logo.png","url":"\/logo.png","width":600,"height":60}},"image":{"@type":"ImageObject","@id":"https:\/\/www.garama.cz\/wp-content\/uploads\/photovoltaic-5020805_640_1.jpg","url":"https:\/\/www.garama.cz\/wp-content\/uploads\/photovoltaic-5020805_640_1.jpg","height":0,"width":0},"url":"https:\/\/www.garama.cz\/dotace-na-fotovoltaiku-pro-rodinne-domy-se-tyka-i-zemedelcu-a-farmaru\/","about":["Spole\u010dnosti"],"wordCount":416,"articleBody":"        M\u00e1te z\u00e1jem o fotovoltaickou elektr\u00e1rnu ve va\u0161em rodinn\u00e9m dom\u011b a r\u00e1di byste vyu\u017eili st\u00e1tn\u00ed dotace Nov\u00e1 zelen\u00e1 \u00faspor\u00e1m, ov\u0161em ob\u00e1v\u00e1te se, \u017ee pr\u00e1v\u011b vy nejste t\u00edm vhodn\u00fdm kandid\u00e1tem pro dota\u010dn\u00ed program? Poj\u010fme si tu shrnout n\u011bkter\u00e9 v\u00fdznamn\u00e9 body, abychom m\u011bli jasno v poskytov\u00e1n\u00ed dotac\u00ed rodinn\u00fdm dom\u016fm.   St\u00e1vaj\u00edc\u00ed objektyRodinn\u00e9 domy \u2013 velmi \u010dast\u00fdm a typick\u00fdm p\u0159\u00edkladem fotovoltaiky na rodinn\u00fdch domech je b\u011b\u017en\u00e1 domovn\u00ed z\u00e1stavba ve m\u011bstech a obc\u00edch, bez ohledu na velikost s\u00eddel a po\u010dtu obyvatel. O st\u00e1tn\u00ed dotaci m\u016f\u017eete po\u017e\u00e1dat pro jak\u00fdkoli rodinn\u00fd d\u016fm, v n\u011bm\u017e se nach\u00e1z\u00ed maxim\u00e1ln\u011b t\u0159i bytov\u00e9 jednotky. Mohou to tedy b\u00fdt nap\u0159\u00edklad klasick\u00e9 jednogenera\u010dn\u00ed domy nap\u0159. s dispozic\u00ed 3 + 1, tak i dvougenera\u010dn\u00ed patrov\u00e9 stavby nebo i t\u0159\u00edgenera\u010dn\u00ed objekty.Zem\u011bd\u011blsk\u00e9 usedlosti \u2013 o dotaci na fotovoltaick\u00e9 elektr\u00e1rny m\u016f\u017ee po\u017e\u00e1dat i osoba, kter\u00e1 si pro bydlen\u00ed upravila b\u00fdvalou stodolu \u010di podobn\u00fd prostor v are\u00e1lu zem\u011bd\u011blsk\u00e9 usedlosti, a kter\u00fd tak\u00e9 byl pro \u00fa\u010dely bydlen\u00ed n\u00e1sledn\u011b zkolaudov\u00e1n. P\u0159itom nez\u00e1le\u017e\u00ed na velikosti t\u011bchto prostor.Rekrea\u010dn\u00ed chaty pro trval\u00e9 bydlen\u00ed \u2013 odst\u011bhovali jste se z m\u011bsta, prodali tamn\u00ed byt a rekonstruovali st\u00e1vaj\u00edc\u00ed rekrea\u010dn\u00ed chatu pro celoro\u010dn\u00ed bydlen\u00ed? Pokud prok\u00e1\u017eete, \u017ee zde m\u00e1te evidov\u00e1n trval\u00fd pobyt d\u00e9le ne\u017e dva roky, o dotaci m\u016f\u017eete po\u017e\u00e1dat. \u0158adov\u00e9 bytov\u00e9 domy \u2013 dotace na fotovoltaick\u00e9 elektr\u00e1rny se t\u00fdk\u00e1 i bytov\u00fdch dom\u016f, kter\u00e9 maj\u00ed bytov\u00e9 jednotky vystav\u011bn\u00e9 v \u0159ad\u011b (jako u \u0159adov\u00fdch dom\u016f) a postr\u00e1daj\u00ed spole\u010dn\u00e9 prostory, p\u0159itom jde o stavebn\u00ed konstrukci, kter\u00e1 spl\u0148uje parametry rodinn\u00e9ho domu. NovostavbaZ\u00e1kon o st\u00e1tn\u00ed dotaci Nov\u00e1 zelen\u00e1 \u00faspor\u00e1m pamatuje i na novostavby, kter\u00e9 jsou z v\u00edce ne\u017e pades\u00e1ti procent podlahov\u00e9 plochy vyu\u017e\u00edv\u00e1ny pro trval\u00e9 bydlen\u00ed, a nemaj\u00ed v\u00edce ne\u017e jedno podzemn\u00ed a dv\u011b nadzemn\u00ed podla\u017e\u00ed plus obytn\u00e9 podkrov\u00ed.Ostrovn\u00ed syst\u00e9myDotaci lze z\u00edskat i na ostrovn\u00ed syst\u00e9my, tedy na za\u0159\u00edzen\u00ed, kter\u00e1 nejsou p\u0159ipojena k distribu\u010dn\u00ed s\u00edti v m\u00edstech, kde p\u0159\u00edpojka elekt\u0159iny nen\u00ed k dispozici, a kde tedy fotovoltaika je jedin\u00fdm mo\u017en\u00fdm \u0159e\u0161en\u00edm v\u00fdroby elektrick\u00e9ho proudu.                                                                                                                                                                                                                                                                                                                                                                                          4.5\/5 - (8 votes)        "},{"@context":"https:\/\/schema.org\/","@type":"BreadcrumbList","itemListElement":[{"@type":"ListItem","position":1,"name":"Dotace na fotovoltaiku pro rodinn\u00e9 domy se t\u00fdk\u00e1 i zem\u011bd\u011blc\u016f a farm\u00e1\u0159\u016f","item":"https:\/\/www.garama.cz\/dotace-na-fotovoltaiku-pro-rodinne-domy-se-tyka-i-zemedelcu-a-farmaru\/#breadcrumbitem"}]}]